{"id":127909,"date":"2021-09-22T19:46:40","date_gmt":"2021-09-22T23:46:40","guid":{"rendered":"https:\/\/linitiative.ca\/International\/nador-le-rni-en-tete-des-elections-du-conseil-provincial-avec-8-sieges\/"},"modified":"2021-09-22T19:46:40","modified_gmt":"2021-09-22T23:46:40","slug":"nador-le-rni-en-tete-des-elections-du-conseil-provincial-avec-8-sieges","status":"publish","type":"post","link":"https:\/\/linitiative.ca\/International\/nador-le-rni-en-tete-des-elections-du-conseil-provincial-avec-8-sieges\/","title":{"rendered":"Nador: Le RNI en t\u00eate des \u00e9lections du Conseil provincial avec 8 si\u00e8ges"},"content":{"rendered":"<div>\n<div style=\"margin-bottom:20px;\"><img loading=\"lazy\" decoding=\"async\" width=\"750\" height=\"430\" src=\"https:\/\/linitiative.ca\/International\/wp-content\/uploads\/sites\/23\/2021\/09\/Logo-du-parti-RNI-750C397430-DR-1.jpg\" class=\"attachment-post-thumbnail size-post-thumbnail wp-post-image\" alt=\"\" srcset=\"https:\/\/linitiative.ca\/International\/wp-content\/uploads\/sites\/23\/2021\/09\/Logo-du-parti-RNI-750C397430-DR-1.jpg 750w, http:\/\/www.mapoujda.ma\/map\/uploads\/2021\/09\/Logo-du-parti-RNI-750\u00d7430-DR-300x172.jpg 300w\" sizes=\"auto, (max-width: 750px) 100vw, 750px\"><\/div>\n<div>\n<p style=\"text-align: justify;\">Le Rassemblement national des ind\u00e9pendants (RNI) est arriv\u00e9 en t\u00eate des \u00e9lections des membres du Conseil provincial de Nador, tenues mardi, en d\u00e9crochant 8 si\u00e8ges sur un total de 21.<\/p>\n<p style=\"text-align: justify;\">Le Parti authenticit\u00e9 et modernit\u00e9 (PAM) et l\u2019Union socialiste des forces populaires (USFP) ont obtenus 4 si\u00e8ges chacun, suivis de la liste des sans appartenance politique (SAP) avec 3 si\u00e8ges et du Parti de l\u2019Istiqlal (PI) avec deux si\u00e8ges.<\/p>\n<p style=\"text-align: justify;\">La liste du RNI a obtenu un total de 185 voix, contre 94 voix pour la liste du PAM, 91 pour l\u2019USFP, 51 pour les SAP et 50 pour le PI.<\/p>\n<p style=\"text-align: justify;\">A noter que ce scrutin s\u2019est d\u00e9roul\u00e9 dans le strict respect des mesures de pr\u00e9vention contre la pand\u00e9mie de la Covid-19.<\/p>\n<p style=\"text-align: justify;\">Les membres des conseils des provinces et des pr\u00e9fectures sont \u00e9lus par un corps \u00e9lectoral compos\u00e9 des membres des conseils communaux relevant de la pr\u00e9fecture ou la province concern\u00e9e, et ce au scrutin de liste \u00e0 la repr\u00e9sentation proportionnelle sur la base du plus fort reste.<\/p>\n<\/div>\n<p>L\u2019article <a rel=\"nofollow\" href=\"http:\/\/www.mapoujda.ma\/fr\/nador-le-rni-en-tete-des-elections-du-conseil-provincial-avec-8-sieges\/\">Nador: Le RNI en t\u00eate des \u00e9lections du Conseil provincial avec 8 si\u00e8ges<\/a> est apparu en premier sur <a rel=\"nofollow\" href=\"http:\/\/www.mapoujda.ma\/fr\">MapOujda<\/a>.<\/p>\n<\/div>\n<p>Auteur: Soufiane ELAHMAR<br \/>\n<a href=\"http:\/\/www.mapoujda.ma\/fr\/nador-le-rni-en-tete-des-elections-du-conseil-provincial-avec-8-sieges\/\">Cliquez ici pour lire l&rsquo;article depuis sa source.<\/a><\/p>\n","protected":false},"excerpt":{"rendered":"<p>Le Rassemblement national des ind\u00e9pendants (RNI) est arriv\u00e9 en t\u00eate des \u00e9lections des membres du Conseil provincial de Nador, tenues mardi, en d\u00e9crochant 8 si\u00e8ges sur un total de 21. Le Parti authenticit\u00e9 et modernit\u00e9 (PAM) et l\u2019Union socialiste des forces populaires (USFP) ont obtenus 4 si\u00e8ges chacun, suivis de la liste des sans appartenance [&hellip;]<\/p>\n","protected":false},"author":1788,"featured_media":0,"comment_status":"closed","ping_status":"closed","sticky":false,"template":"","format":"standard","meta":{"fifu_image_url":"http:\/\/www.mapoujda.ma\/map\/uploads\/2021\/09\/Logo-du-parti-RNI-750\u00d7430-DR.jpg","fifu_image_alt":"Nador: Le RNI en t\u00eate des \u00e9lections du Conseil provincial avec 8 si\u00e8ges","footnotes":""},"categories":[54,76],"tags":[],"class_list":["post-127909","post","type-post","status-publish","format-standard","hentry","category-maroc","category-regions"],"_links":{"self":[{"href":"https:\/\/linitiative.ca\/International\/wp-json\/wp\/v2\/posts\/127909","targetHints":{"allow":["GET"]}}],"collection":[{"href":"https:\/\/linitiative.ca\/International\/wp-json\/wp\/v2\/posts"}],"about":[{"href":"https:\/\/linitiative.ca\/International\/wp-json\/wp\/v2\/types\/post"}],"author":[{"embeddable":true,"href":"https:\/\/linitiative.ca\/International\/wp-json\/wp\/v2\/users\/1788"}],"replies":[{"embeddable":true,"href":"https:\/\/linitiative.ca\/International\/wp-json\/wp\/v2\/comments?post=127909"}],"version-history":[{"count":0,"href":"https:\/\/linitiative.ca\/International\/wp-json\/wp\/v2\/posts\/127909\/revisions"}],"wp:attachment":[{"href":"https:\/\/linitiative.ca\/International\/wp-json\/wp\/v2\/media?parent=127909"}],"wp:term":[{"taxonomy":"category","embeddable":true,"href":"https:\/\/linitiative.ca\/International\/wp-json\/wp\/v2\/categories?post=127909"},{"taxonomy":"post_tag","embeddable":true,"href":"https:\/\/linitiative.ca\/International\/wp-json\/wp\/v2\/tags?post=127909"}],"curies":[{"name":"wp","href":"https:\/\/api.w.org\/{rel}","templated":true}]}}