{"id":127911,"date":"2021-09-22T19:56:18","date_gmt":"2021-09-22T23:56:18","guid":{"rendered":"https:\/\/linitiative.ca\/International\/driouch-le-pam-en-tete-des-elections-du-conseil-provincial-avec-5-sieges\/"},"modified":"2021-09-22T19:56:18","modified_gmt":"2021-09-22T23:56:18","slug":"driouch-le-pam-en-tete-des-elections-du-conseil-provincial-avec-5-sieges","status":"publish","type":"post","link":"https:\/\/linitiative.ca\/International\/driouch-le-pam-en-tete-des-elections-du-conseil-provincial-avec-5-sieges\/","title":{"rendered":"Driouch : Le PAM en t\u00eate des \u00e9lections du Conseil provincial avec 5 si\u00e8ges"},"content":{"rendered":"<div>\n<div style=\"margin-bottom:20px;\"><img loading=\"lazy\" decoding=\"async\" width=\"750\" height=\"430\" src=\"https:\/\/linitiative.ca\/International\/wp-content\/uploads\/sites\/23\/2021\/09\/LopC3A9ration-de-vote-se-poursuit-dans-lensemble-des-bureaux-Tinghir-750C397430-MAP-1-1.jpg\" class=\"attachment-post-thumbnail size-post-thumbnail wp-post-image\" alt=\"\" srcset=\"https:\/\/linitiative.ca\/International\/wp-content\/uploads\/sites\/23\/2021\/09\/LopC3A9ration-de-vote-se-poursuit-dans-lensemble-des-bureaux-Tinghir-750C397430-MAP-1-1.jpg 750w, http:\/\/www.mapoujda.ma\/map\/uploads\/2021\/09\/Lop\u00e9ration-de-vote-se-poursuit-dans-lensemble-des-bureaux-Tinghir-750\u00d7430-MAP-1-300x172.jpg 300w\" sizes=\"auto, (max-width: 750px) 100vw, 750px\"><\/div>\n<div>\n<p style=\"text-align: justify;\">Le Parti authenticit\u00e9 et modernit\u00e9 (PAM) est arriv\u00e9 en t\u00eate des \u00e9lections des membres du Conseil provincial de Driouch, tenues mardi, en obtenant 5 si\u00e8ges sur les 15 que compte ce Conseil.<\/p>\n<p style=\"text-align: justify;\">Le Parti de l\u2019Istiqlal (PI) est arriv\u00e9 en deuxi\u00e8me position avec 4 si\u00e8ges, suivi du Rassemblement national des ind\u00e9pendants (RNI) et du Mouvement populaire (MP) avec 3 si\u00e8ges chacun.<\/p>\n<p style=\"text-align: justify;\">Le PAM a obtenu un total de 126 voix, devant le PI avec 104 voix et le RNI avec 103 voix, alors que le MP est arriv\u00e9 quatri\u00e8me avec 85 voix.<\/p>\n<p style=\"text-align: justify;\">A noter que ce scrutin s\u2019est d\u00e9roul\u00e9 dans le strict respect des mesures de pr\u00e9vention contre la pand\u00e9mie de la Covid-19.<\/p>\n<p style=\"text-align: justify;\">Les membres des conseils des provinces et des pr\u00e9fectures sont \u00e9lus par un corps \u00e9lectoral compos\u00e9 des membres des conseils communaux relevant de la pr\u00e9fecture ou la province concern\u00e9e, et ce au scrutin de liste \u00e0 la repr\u00e9sentation proportionnelle sur la base du plus fort reste.<\/p>\n<\/div>\n<p>L\u2019article <a rel=\"nofollow\" href=\"http:\/\/www.mapoujda.ma\/fr\/driouch-le-pam-en-tete-des-elections-du-conseil-provincial-avec-5-sieges\/\">Driouch : Le PAM en t\u00eate des \u00e9lections du Conseil provincial avec 5 si\u00e8ges<\/a> est apparu en premier sur <a rel=\"nofollow\" href=\"http:\/\/www.mapoujda.ma\/fr\">MapOujda<\/a>.<\/p>\n<\/div>\n<p>Auteur: Soufiane ELAHMAR<br \/>\n<a href=\"http:\/\/www.mapoujda.ma\/fr\/driouch-le-pam-en-tete-des-elections-du-conseil-provincial-avec-5-sieges\/\">Cliquez ici pour lire l&rsquo;article depuis sa source.<\/a><\/p>\n","protected":false},"excerpt":{"rendered":"<p>Le Parti authenticit\u00e9 et modernit\u00e9 (PAM) est arriv\u00e9 en t\u00eate des \u00e9lections des membres du Conseil provincial de Driouch, tenues mardi, en obtenant 5 si\u00e8ges sur les 15 que compte ce Conseil. Le Parti de l\u2019Istiqlal (PI) est arriv\u00e9 en deuxi\u00e8me position avec 4 si\u00e8ges, suivi du Rassemblement national des ind\u00e9pendants (RNI) et du Mouvement [&hellip;]<\/p>\n","protected":false},"author":1788,"featured_media":0,"comment_status":"closed","ping_status":"closed","sticky":false,"template":"","format":"standard","meta":{"fifu_image_url":"http:\/\/www.mapoujda.ma\/map\/uploads\/2021\/09\/Lop\u00e9ration-de-vote-se-poursuit-dans-lensemble-des-bureaux-Tinghir-750\u00d7430-MAP-1.jpg","fifu_image_alt":"Driouch : Le PAM en t\u00eate des \u00e9lections du Conseil provincial avec 5 si\u00e8ges","footnotes":""},"categories":[54,76],"tags":[],"class_list":["post-127911","post","type-post","status-publish","format-standard","hentry","category-maroc","category-regions"],"_links":{"self":[{"href":"https:\/\/linitiative.ca\/International\/wp-json\/wp\/v2\/posts\/127911","targetHints":{"allow":["GET"]}}],"collection":[{"href":"https:\/\/linitiative.ca\/International\/wp-json\/wp\/v2\/posts"}],"about":[{"href":"https:\/\/linitiative.ca\/International\/wp-json\/wp\/v2\/types\/post"}],"author":[{"embeddable":true,"href":"https:\/\/linitiative.ca\/International\/wp-json\/wp\/v2\/users\/1788"}],"replies":[{"embeddable":true,"href":"https:\/\/linitiative.ca\/International\/wp-json\/wp\/v2\/comments?post=127911"}],"version-history":[{"count":0,"href":"https:\/\/linitiative.ca\/International\/wp-json\/wp\/v2\/posts\/127911\/revisions"}],"wp:attachment":[{"href":"https:\/\/linitiative.ca\/International\/wp-json\/wp\/v2\/media?parent=127911"}],"wp:term":[{"taxonomy":"category","embeddable":true,"href":"https:\/\/linitiative.ca\/International\/wp-json\/wp\/v2\/categories?post=127911"},{"taxonomy":"post_tag","embeddable":true,"href":"https:\/\/linitiative.ca\/International\/wp-json\/wp\/v2\/tags?post=127911"}],"curies":[{"name":"wp","href":"https:\/\/api.w.org\/{rel}","templated":true}]}}