{"id":127935,"date":"2021-09-23T11:23:00","date_gmt":"2021-09-23T15:23:00","guid":{"rendered":"https:\/\/linitiative.ca\/International\/livres-et-auteurs-de-langue-francaise-en-etats-generaux-a-tunis-depuis-ce-jeudi-album-photo\/"},"modified":"2021-09-23T11:23:00","modified_gmt":"2021-09-23T15:23:00","slug":"livres-et-auteurs-de-langue-francaise-en-etats-generaux-a-tunis-depuis-ce-jeudi-album-photo","status":"publish","type":"post","link":"https:\/\/linitiative.ca\/International\/livres-et-auteurs-de-langue-francaise-en-etats-generaux-a-tunis-depuis-ce-jeudi-album-photo\/","title":{"rendered":"Livres et auteurs de langue fran\u00e7aise en \u00e9tats g\u00e9n\u00e9raux \u00e0 Tunis depuis ce jeudi (Album Photo)"},"content":{"rendered":"<div><img decoding=\"async\" src=\"https:\/\/linitiative.ca\/International\/wp-content\/uploads\/sites\/23\/2021\/09\/1632407209_article.jpg\" alt=\"Le livre en langue fran\u00e7aise dans le monde\" align=\"left\">Fawzia Zouari, Kamel Daoud et Leila Slimani, pour ne citer qu\u2019eux se  sont donn\u00e9 rendez-vous d\u00e8s ce jeudi 23 septembre \u00e0 la Cit\u00e9 de la Culture  \u00e0 Tunis, pour deux grandes manifestations successives. D\u2019abord, les  \u00c9tats-g\u00e9n\u00e9raux du Livre de langue fran\u00e7aise, qui se poursuivront deux  jours durant, jusqu\u2019\u00e0 vendredi soir. Et, dans la foul\u00e9e, le Congr\u00e8s  mondial des \u00e9crivain-e-s de langue fran\u00e7aise, les samedi et dimanche. Un  deux-en-un en pr\u00e9lude du 18\u00e8me sommet mondial de la Francophonie qui se  tiendra \u00e0 Djerba les 20 et 21 novembre prochain.<\/p>\n<p>L\u2019ambition des  promoteurs, les minist\u00e8res de la Culture tunisien et fran\u00e7ais, est  grande\u00a0: c\u00e9l\u00e9brer l\u2019\u00e9dition, &#8230;<\/p>\n<\/div>\n<p>Auteur:<br \/>\n<a href=\"https:\/\/www.leaders.com.tn\/article\/32443-le-livre-en-langue-francaise-dans-le-monde\">Cliquez ici pour lire l&rsquo;article depuis sa source.<\/a><\/p>\n","protected":false},"excerpt":{"rendered":"<p>Fawzia Zouari, Kamel Daoud et Leila Slimani, pour ne citer qu\u2019eux se sont donn\u00e9 rendez-vous d\u00e8s ce jeudi 23 septembre \u00e0 la Cit\u00e9 de la Culture \u00e0 Tunis, pour deux grandes manifestations successives. D\u2019abord, les \u00c9tats-g\u00e9n\u00e9raux du Livre de langue fran\u00e7aise, qui se poursuivront deux jours durant, jusqu\u2019\u00e0 vendredi soir. Et, dans la foul\u00e9e, le [&hellip;]<\/p>\n","protected":false},"author":1772,"featured_media":0,"comment_status":"closed","ping_status":"closed","sticky":false,"template":"","format":"standard","meta":{"fifu_image_url":"http:\/\/www.leaders.com.tn\/uploads\/content\/thumbnails_small\/1632407209_article.jpg","fifu_image_alt":"Livres et auteurs de langue fran\u00e7aise en \u00e9tats g\u00e9n\u00e9raux \u00e0 Tunis depuis ce jeudi (Album Photo)","footnotes":""},"categories":[73,55],"tags":[],"class_list":["post-127935","post","type-post","status-publish","format-standard","hentry","category-actualite","category-tunisie"],"_links":{"self":[{"href":"https:\/\/linitiative.ca\/International\/wp-json\/wp\/v2\/posts\/127935","targetHints":{"allow":["GET"]}}],"collection":[{"href":"https:\/\/linitiative.ca\/International\/wp-json\/wp\/v2\/posts"}],"about":[{"href":"https:\/\/linitiative.ca\/International\/wp-json\/wp\/v2\/types\/post"}],"author":[{"embeddable":true,"href":"https:\/\/linitiative.ca\/International\/wp-json\/wp\/v2\/users\/1772"}],"replies":[{"embeddable":true,"href":"https:\/\/linitiative.ca\/International\/wp-json\/wp\/v2\/comments?post=127935"}],"version-history":[{"count":0,"href":"https:\/\/linitiative.ca\/International\/wp-json\/wp\/v2\/posts\/127935\/revisions"}],"wp:attachment":[{"href":"https:\/\/linitiative.ca\/International\/wp-json\/wp\/v2\/media?parent=127935"}],"wp:term":[{"taxonomy":"category","embeddable":true,"href":"https:\/\/linitiative.ca\/International\/wp-json\/wp\/v2\/categories?post=127935"},{"taxonomy":"post_tag","embeddable":true,"href":"https:\/\/linitiative.ca\/International\/wp-json\/wp\/v2\/tags?post=127935"}],"curies":[{"name":"wp","href":"https:\/\/api.w.org\/{rel}","templated":true}]}}