{"id":127937,"date":"2021-09-23T13:22:00","date_gmt":"2021-09-23T17:22:00","guid":{"rendered":"https:\/\/linitiative.ca\/International\/adel-kammoun-une-rare-alchimie-de-valeurs-de-competence-et-de-savoir\/"},"modified":"2021-09-23T13:22:00","modified_gmt":"2021-09-23T17:22:00","slug":"adel-kammoun-une-rare-alchimie-de-valeurs-de-competence-et-de-savoir","status":"publish","type":"post","link":"https:\/\/linitiative.ca\/International\/adel-kammoun-une-rare-alchimie-de-valeurs-de-competence-et-de-savoir\/","title":{"rendered":"Adel Kammoun: Une rare alchimie de valeurs, de comp\u00e9tence et de savoir"},"content":{"rendered":"<div><img decoding=\"async\" src=\"https:\/\/linitiative.ca\/International\/wp-content\/uploads\/sites\/23\/2021\/09\/1632415115_article.jpg\" alt=\"Adel Kammoun: Une rare alchimie de valeurs, de comp\u00e9tence et de savoir\" align=\"left\">Il avait pour la Tunisie une autre vision, celle d\u2019une grande ambition. Adel Kammoun, juriste, \u00e9narque, conseiller des services publics, longtemps chef de cabinet du ministre de l\u2019Agriculture Lassa\u00e2d Ben Osman, vient de nous quitter \u00e0 l\u2019\u00e2ge de 71 ans. Droit, adroit, il a incarn\u00e9 de multiples valeurs, conjuguant au quotidien comp\u00e9tence, int\u00e9grit\u00e9, sens du devoir et amour d\u2019autrui. Rarement des traits de caract\u00e8re forts, francs, tranchants, mais aussi courtois, affables, en ADN, nourris en lui d\u2019une vaste culture, et constamment impr\u00e9gn\u00e9s de modestie naturelle se sont r\u00e9unis aussi harmonieusement comme chez Adel Kammoun.<br \/>\nIl \u00e9tait sagesse, mod\u00e9ration, \u00e9rudition, &#8230;<\/p>\n<\/div>\n<p>Auteur:<br \/>\n<a href=\"https:\/\/www.leaders.com.tn\/article\/32444-adel-kammoun-une-rare-alchimie-de-valeurs-de-competence-et-de-savoir\">Cliquez ici pour lire l&rsquo;article depuis sa source.<\/a><\/p>\n","protected":false},"excerpt":{"rendered":"<p>Il avait pour la Tunisie une autre vision, celle d\u2019une grande ambition. Adel Kammoun, juriste, \u00e9narque, conseiller des services publics, longtemps chef de cabinet du ministre de l\u2019Agriculture Lassa\u00e2d Ben Osman, vient de nous quitter \u00e0 l\u2019\u00e2ge de 71 ans. Droit, adroit, il a incarn\u00e9 de multiples valeurs, conjuguant au quotidien comp\u00e9tence, int\u00e9grit\u00e9, sens du [&hellip;]<\/p>\n","protected":false},"author":1772,"featured_media":0,"comment_status":"closed","ping_status":"closed","sticky":false,"template":"","format":"standard","meta":{"fifu_image_url":"http:\/\/www.leaders.com.tn\/uploads\/content\/thumbnails_small\/1632415115_article.jpg","fifu_image_alt":"Adel Kammoun: Une rare alchimie de valeurs, de comp\u00e9tence et de savoir","footnotes":""},"categories":[73,55],"tags":[],"class_list":["post-127937","post","type-post","status-publish","format-standard","hentry","category-actualite","category-tunisie"],"_links":{"self":[{"href":"https:\/\/linitiative.ca\/International\/wp-json\/wp\/v2\/posts\/127937","targetHints":{"allow":["GET"]}}],"collection":[{"href":"https:\/\/linitiative.ca\/International\/wp-json\/wp\/v2\/posts"}],"about":[{"href":"https:\/\/linitiative.ca\/International\/wp-json\/wp\/v2\/types\/post"}],"author":[{"embeddable":true,"href":"https:\/\/linitiative.ca\/International\/wp-json\/wp\/v2\/users\/1772"}],"replies":[{"embeddable":true,"href":"https:\/\/linitiative.ca\/International\/wp-json\/wp\/v2\/comments?post=127937"}],"version-history":[{"count":0,"href":"https:\/\/linitiative.ca\/International\/wp-json\/wp\/v2\/posts\/127937\/revisions"}],"wp:attachment":[{"href":"https:\/\/linitiative.ca\/International\/wp-json\/wp\/v2\/media?parent=127937"}],"wp:term":[{"taxonomy":"category","embeddable":true,"href":"https:\/\/linitiative.ca\/International\/wp-json\/wp\/v2\/categories?post=127937"},{"taxonomy":"post_tag","embeddable":true,"href":"https:\/\/linitiative.ca\/International\/wp-json\/wp\/v2\/tags?post=127937"}],"curies":[{"name":"wp","href":"https:\/\/api.w.org\/{rel}","templated":true}]}}