{"id":127946,"date":"2021-09-23T10:45:00","date_gmt":"2021-09-23T14:45:00","guid":{"rendered":"https:\/\/linitiative.ca\/International\/coronavirus-la-pandemie-prendra-fin-dans-un-an-selon-le-pdg-de-moderna\/"},"modified":"2021-09-23T10:45:00","modified_gmt":"2021-09-23T14:45:00","slug":"coronavirus-la-pandemie-prendra-fin-dans-un-an-selon-le-pdg-de-moderna","status":"publish","type":"post","link":"https:\/\/linitiative.ca\/International\/coronavirus-la-pandemie-prendra-fin-dans-un-an-selon-le-pdg-de-moderna\/","title":{"rendered":"Coronavirus. La pand\u00e9mie prendra fin dans un an selon le PDG de Moderna"},"content":{"rendered":"<div><img decoding=\"async\" width=\"974\" height=\"844\" src=\"https:\/\/linitiative.ca\/International\/wp-content\/uploads\/sites\/23\/2021\/09\/moderna-2.jpeg\" class=\"attachment-post-thumbnail size-post-thumbnail wp-post-image\" alt=\"\" loading=\"lazy\" srcset=\"https:\/\/linitiative.ca\/International\/wp-content\/uploads\/sites\/23\/2021\/09\/moderna-2.jpeg 974w, https:\/\/www.challenge.ma\/wp-content\/uploads\/2021\/09\/moderna-2-300x260.jpeg 300w, https:\/\/www.challenge.ma\/wp-content\/uploads\/2021\/09\/moderna-2-768x665.jpeg 768w, https:\/\/www.challenge.ma\/wp-content\/uploads\/2021\/09\/moderna-2-360x312.jpeg 360w, https:\/\/www.challenge.ma\/wp-content\/uploads\/2021\/09\/moderna-2-750x650.jpeg 750w, https:\/\/www.challenge.ma\/wp-content\/uploads\/2021\/09\/moderna-2-70x60.jpeg 70w\" sizes=\"auto, (max-width: 974px) 100vw, 974px\" itemprop=\"image\">Pour St\u00e9phane Bancel, PDG du groupe pharmaceutique Moderna, la pand\u00e9mie du coronavirus prendra fin dans un an. Selon St\u00e9phane Bancel, la plan\u00e8te disposera d\u2019ici mi-2022, de suffisamment de doses pour prot\u00e9ger l\u2019humanit\u00e9 enti\u00e8re permettant ainsi un retour \u00e0 la vie normale. \u00ab\u00a0Si vous regardez l\u2019expansion des capacit\u00e9s de production \u00e0<\/div>\n<p>Auteur: challenge<br \/>\n<a href=\"https:\/\/www.challenge.ma\/coronavirus-la-pandemie-prendra-fin-dans-un-an-selon-le-pdg-de-moderna-221571\/\">Cliquez ici pour lire l&rsquo;article depuis sa source.<\/a><\/p>\n","protected":false},"excerpt":{"rendered":"<p>Pour St\u00e9phane Bancel, PDG du groupe pharmaceutique Moderna, la pand\u00e9mie du coronavirus prendra fin dans un an. Selon St\u00e9phane Bancel, la plan\u00e8te disposera d\u2019ici mi-2022, de suffisamment de doses pour prot\u00e9ger l\u2019humanit\u00e9 enti\u00e8re permettant ainsi un retour \u00e0 la vie normale. \u00ab\u00a0Si vous regardez l\u2019expansion des capacit\u00e9s de production \u00e0 Auteur: challenge Cliquez ici pour [&hellip;]<\/p>\n","protected":false},"author":1787,"featured_media":0,"comment_status":"closed","ping_status":"closed","sticky":false,"template":"","format":"standard","meta":{"fifu_image_url":"https:\/\/www.challenge.ma\/wp-content\/uploads\/2021\/09\/moderna-2.jpeg","fifu_image_alt":"Coronavirus. La pand\u00e9mie prendra fin dans un an selon le PDG de Moderna","footnotes":""},"categories":[78,54],"tags":[],"class_list":["post-127946","post","type-post","status-publish","format-standard","hentry","category-economie","category-maroc"],"_links":{"self":[{"href":"https:\/\/linitiative.ca\/International\/wp-json\/wp\/v2\/posts\/127946","targetHints":{"allow":["GET"]}}],"collection":[{"href":"https:\/\/linitiative.ca\/International\/wp-json\/wp\/v2\/posts"}],"about":[{"href":"https:\/\/linitiative.ca\/International\/wp-json\/wp\/v2\/types\/post"}],"author":[{"embeddable":true,"href":"https:\/\/linitiative.ca\/International\/wp-json\/wp\/v2\/users\/1787"}],"replies":[{"embeddable":true,"href":"https:\/\/linitiative.ca\/International\/wp-json\/wp\/v2\/comments?post=127946"}],"version-history":[{"count":0,"href":"https:\/\/linitiative.ca\/International\/wp-json\/wp\/v2\/posts\/127946\/revisions"}],"wp:attachment":[{"href":"https:\/\/linitiative.ca\/International\/wp-json\/wp\/v2\/media?parent=127946"}],"wp:term":[{"taxonomy":"category","embeddable":true,"href":"https:\/\/linitiative.ca\/International\/wp-json\/wp\/v2\/categories?post=127946"},{"taxonomy":"post_tag","embeddable":true,"href":"https:\/\/linitiative.ca\/International\/wp-json\/wp\/v2\/tags?post=127946"}],"curies":[{"name":"wp","href":"https:\/\/api.w.org\/{rel}","templated":true}]}}