{"id":127952,"date":"2021-09-23T12:43:03","date_gmt":"2021-09-23T16:43:03","guid":{"rendered":"https:\/\/linitiative.ca\/International\/maroc-pour-un-nouveau-contrat-social-par-jamal-berraoui\/"},"modified":"2021-09-23T12:43:03","modified_gmt":"2021-09-23T16:43:03","slug":"maroc-pour-un-nouveau-contrat-social-par-jamal-berraoui","status":"publish","type":"post","link":"https:\/\/linitiative.ca\/International\/maroc-pour-un-nouveau-contrat-social-par-jamal-berraoui\/","title":{"rendered":"Maroc. Pour un nouveau contrat social        [Par Jamal Berraoui]"},"content":{"rendered":"<div><img decoding=\"async\" width=\"700\" height=\"352\" src=\"https:\/\/linitiative.ca\/International\/wp-content\/uploads\/sites\/23\/2021\/09\/Coalition-gouvernement.jpeg\" class=\"attachment-post-thumbnail size-post-thumbnail wp-post-image\" alt=\"\" loading=\"lazy\" srcset=\"https:\/\/linitiative.ca\/International\/wp-content\/uploads\/sites\/23\/2021\/09\/Coalition-gouvernement.jpeg 700w, https:\/\/www.challenge.ma\/wp-content\/uploads\/2021\/09\/Coalition-gouvernement-300x151.jpeg 300w, https:\/\/www.challenge.ma\/wp-content\/uploads\/2021\/09\/Coalition-gouvernement-360x181.jpeg 360w\" sizes=\"auto, (max-width: 700px) 100vw, 700px\" itemprop=\"image\">Les \u00e9lections du 8 septembre ont \u00e9t\u00e9 un moment politique important. Elles ont ferm\u00e9, provisoirement la parenth\u00e8se Islamiste, et ont donn\u00e9 la primaut\u00e9 \u00e0 un courant que l\u2019on pourrait qualifier de lib\u00e9ral-social. Il n\u2019est pas question de se positionner par rapport aux alliances. La vie politique a ses r\u00e8gles, souvent<\/div>\n<p>Auteur: challenge<br \/>\n<a href=\"https:\/\/www.challenge.ma\/pour-un-nouveau-contrat-social-par-jamal-berraoui-221591\/\">Cliquez ici pour lire l&rsquo;article depuis sa source.<\/a><\/p>\n","protected":false},"excerpt":{"rendered":"<p>Les \u00e9lections du 8 septembre ont \u00e9t\u00e9 un moment politique important. Elles ont ferm\u00e9, provisoirement la parenth\u00e8se Islamiste, et ont donn\u00e9 la primaut\u00e9 \u00e0 un courant que l\u2019on pourrait qualifier de lib\u00e9ral-social. Il n\u2019est pas question de se positionner par rapport aux alliances. La vie politique a ses r\u00e8gles, souvent Auteur: challenge Cliquez ici pour [&hellip;]<\/p>\n","protected":false},"author":1787,"featured_media":0,"comment_status":"closed","ping_status":"closed","sticky":false,"template":"","format":"standard","meta":{"fifu_image_url":"https:\/\/www.challenge.ma\/wp-content\/uploads\/2021\/09\/Coalition-gouvernement.jpeg","fifu_image_alt":"Maroc. Pour un nouveau contrat social        [Par Jamal Berraoui]","footnotes":""},"categories":[78,54],"tags":[],"class_list":["post-127952","post","type-post","status-publish","format-standard","hentry","category-economie","category-maroc"],"_links":{"self":[{"href":"https:\/\/linitiative.ca\/International\/wp-json\/wp\/v2\/posts\/127952","targetHints":{"allow":["GET"]}}],"collection":[{"href":"https:\/\/linitiative.ca\/International\/wp-json\/wp\/v2\/posts"}],"about":[{"href":"https:\/\/linitiative.ca\/International\/wp-json\/wp\/v2\/types\/post"}],"author":[{"embeddable":true,"href":"https:\/\/linitiative.ca\/International\/wp-json\/wp\/v2\/users\/1787"}],"replies":[{"embeddable":true,"href":"https:\/\/linitiative.ca\/International\/wp-json\/wp\/v2\/comments?post=127952"}],"version-history":[{"count":0,"href":"https:\/\/linitiative.ca\/International\/wp-json\/wp\/v2\/posts\/127952\/revisions"}],"wp:attachment":[{"href":"https:\/\/linitiative.ca\/International\/wp-json\/wp\/v2\/media?parent=127952"}],"wp:term":[{"taxonomy":"category","embeddable":true,"href":"https:\/\/linitiative.ca\/International\/wp-json\/wp\/v2\/categories?post=127952"},{"taxonomy":"post_tag","embeddable":true,"href":"https:\/\/linitiative.ca\/International\/wp-json\/wp\/v2\/tags?post=127952"}],"curies":[{"name":"wp","href":"https:\/\/api.w.org\/{rel}","templated":true}]}}