{"id":127956,"date":"2021-09-23T16:21:50","date_gmt":"2021-09-23T20:21:50","guid":{"rendered":"https:\/\/linitiative.ca\/International\/tunisie-le-syndicat-des-agents-penitentiaires-dement-les-accusations-de-yassine-ayari\/"},"modified":"2021-09-23T16:21:50","modified_gmt":"2021-09-23T20:21:50","slug":"tunisie-le-syndicat-des-agents-penitentiaires-dement-les-accusations-de-yassine-ayari","status":"publish","type":"post","link":"https:\/\/linitiative.ca\/International\/tunisie-le-syndicat-des-agents-penitentiaires-dement-les-accusations-de-yassine-ayari\/","title":{"rendered":"Tunisie \u2013 Le syndicat des agents p\u00e9nitentiaires d\u00e9ment les accusations de Yassine Ayari"},"content":{"rendered":"<div>\n<p>Le syndicat des agents p\u00e9nitentiaires a d\u00e9menti, ce jeudi, dans un communiqu\u00e9, les accusations lanc\u00e9es par le d\u00e9put\u00e9 gel\u00e9, Yassine Ayari, \u00e0 sa sortie de prison, hier, quand il a pr\u00e9tendu avoir \u00e9t\u00e9 maltrait\u00e9, que sa vie a \u00e9t\u00e9 mise en danger, et qu\u2019il a \u00e9t\u00e9 film\u00e9 presque nu. Le secr\u00e9taire g\u00e9n\u00e9ral du syndicat a [\u2026]<\/p>\n<p>L\u2019article <a href=\"https:\/\/www.tunisienumerique.com\/tunisie-le-syndicat-des-agents-penitentiaires-dement-les-accusations-de-yassine-ayari\/\">Tunisie \u2013 Le syndicat des agents p\u00e9nitentiaires d\u00e9ment les accusations de Yassine Ayari<\/a> est apparu en premier sur <a href=\"https:\/\/www.tunisienumerique.com\/\">Tunisie<\/a>.<\/p>\n<\/div>\n<p>Auteur: LM<br \/>\n<a href=\"https:\/\/www.tunisienumerique.com\/tunisie-le-syndicat-des-agents-penitentiaires-dement-les-accusations-de-yassine-ayari\/\">Cliquez ici pour lire l&rsquo;article depuis sa source.<\/a><\/p>\n","protected":false},"excerpt":{"rendered":"<p>Le syndicat des agents p\u00e9nitentiaires a d\u00e9menti, ce jeudi, dans un communiqu\u00e9, les accusations lanc\u00e9es par le d\u00e9put\u00e9 gel\u00e9, Yassine Ayari, \u00e0 sa sortie de prison, hier, quand il a pr\u00e9tendu avoir \u00e9t\u00e9 maltrait\u00e9, que sa vie a \u00e9t\u00e9 mise en danger, et qu\u2019il a \u00e9t\u00e9 film\u00e9 presque nu. Le secr\u00e9taire g\u00e9n\u00e9ral du syndicat a [&hellip;]<\/p>\n","protected":false},"author":1789,"featured_media":0,"comment_status":"closed","ping_status":"closed","sticky":false,"template":"","format":"standard","meta":{"fifu_image_url":"","fifu_image_alt":"","footnotes":""},"categories":[73,55],"tags":[],"class_list":["post-127956","post","type-post","status-publish","format-standard","hentry","category-actualite","category-tunisie"],"_links":{"self":[{"href":"https:\/\/linitiative.ca\/International\/wp-json\/wp\/v2\/posts\/127956","targetHints":{"allow":["GET"]}}],"collection":[{"href":"https:\/\/linitiative.ca\/International\/wp-json\/wp\/v2\/posts"}],"about":[{"href":"https:\/\/linitiative.ca\/International\/wp-json\/wp\/v2\/types\/post"}],"author":[{"embeddable":true,"href":"https:\/\/linitiative.ca\/International\/wp-json\/wp\/v2\/users\/1789"}],"replies":[{"embeddable":true,"href":"https:\/\/linitiative.ca\/International\/wp-json\/wp\/v2\/comments?post=127956"}],"version-history":[{"count":0,"href":"https:\/\/linitiative.ca\/International\/wp-json\/wp\/v2\/posts\/127956\/revisions"}],"wp:attachment":[{"href":"https:\/\/linitiative.ca\/International\/wp-json\/wp\/v2\/media?parent=127956"}],"wp:term":[{"taxonomy":"category","embeddable":true,"href":"https:\/\/linitiative.ca\/International\/wp-json\/wp\/v2\/categories?post=127956"},{"taxonomy":"post_tag","embeddable":true,"href":"https:\/\/linitiative.ca\/International\/wp-json\/wp\/v2\/tags?post=127956"}],"curies":[{"name":"wp","href":"https:\/\/api.w.org\/{rel}","templated":true}]}}