{"id":127957,"date":"2021-09-23T16:30:01","date_gmt":"2021-09-23T20:30:01","guid":{"rendered":"https:\/\/linitiative.ca\/International\/tunisie-tebbini-saied-na-rien-a-voir-avec-mon-incarceration\/"},"modified":"2021-09-23T16:30:01","modified_gmt":"2021-09-23T20:30:01","slug":"tunisie-tebbini-saied-na-rien-a-voir-avec-mon-incarceration","status":"publish","type":"post","link":"https:\/\/linitiative.ca\/International\/tunisie-tebbini-saied-na-rien-a-voir-avec-mon-incarceration\/","title":{"rendered":"Tunisie \u2013 Tebbini\u00a0: Sa\u00efed n\u2019a rien \u00e0 voir avec mon incarc\u00e9ration"},"content":{"rendered":"<div>\n<p>Le d\u00e9put\u00e9 gel\u00e9, Faycel tebbini, a d\u00e9clar\u00e9, ce jeudi, le lendemain de sa lib\u00e9ration de prison, que le pr\u00e9sident de la R\u00e9publique, Ka\u00efs Sa\u00efed n\u2019avait rien \u00e0 voir avec son incarc\u00e9ration, et que l\u2019affaire remontait \u00e0 l\u2019\u00e9poque d\u2019avant sa pr\u00e9sidence. Il a expliqu\u00e9 que la lev\u00e9e de son immunit\u00e9 a permis d\u2019ex\u00e9cuter le mandat de [\u2026]<\/p>\n<p>L\u2019article <a href=\"https:\/\/www.tunisienumerique.com\/tunisie-tebbini-saied-na-rien-a-voir-avec-mon-incarceration\/\">Tunisie \u2013 Tebbini\u00a0: Sa\u00efed n\u2019a rien \u00e0 voir avec mon incarc\u00e9ration<\/a> est apparu en premier sur <a href=\"https:\/\/www.tunisienumerique.com\/\">Tunisie<\/a>.<\/p>\n<\/div>\n<p>Auteur: LM<br \/>\n<a href=\"https:\/\/www.tunisienumerique.com\/tunisie-tebbini-saied-na-rien-a-voir-avec-mon-incarceration\/\">Cliquez ici pour lire l&rsquo;article depuis sa source.<\/a><\/p>\n","protected":false},"excerpt":{"rendered":"<p>Le d\u00e9put\u00e9 gel\u00e9, Faycel tebbini, a d\u00e9clar\u00e9, ce jeudi, le lendemain de sa lib\u00e9ration de prison, que le pr\u00e9sident de la R\u00e9publique, Ka\u00efs Sa\u00efed n\u2019avait rien \u00e0 voir avec son incarc\u00e9ration, et que l\u2019affaire remontait \u00e0 l\u2019\u00e9poque d\u2019avant sa pr\u00e9sidence. Il a expliqu\u00e9 que la lev\u00e9e de son immunit\u00e9 a permis d\u2019ex\u00e9cuter le mandat de [&hellip;]<\/p>\n","protected":false},"author":1789,"featured_media":0,"comment_status":"closed","ping_status":"closed","sticky":false,"template":"","format":"standard","meta":{"fifu_image_url":"","fifu_image_alt":"","footnotes":""},"categories":[73,55],"tags":[],"class_list":["post-127957","post","type-post","status-publish","format-standard","hentry","category-actualite","category-tunisie"],"_links":{"self":[{"href":"https:\/\/linitiative.ca\/International\/wp-json\/wp\/v2\/posts\/127957","targetHints":{"allow":["GET"]}}],"collection":[{"href":"https:\/\/linitiative.ca\/International\/wp-json\/wp\/v2\/posts"}],"about":[{"href":"https:\/\/linitiative.ca\/International\/wp-json\/wp\/v2\/types\/post"}],"author":[{"embeddable":true,"href":"https:\/\/linitiative.ca\/International\/wp-json\/wp\/v2\/users\/1789"}],"replies":[{"embeddable":true,"href":"https:\/\/linitiative.ca\/International\/wp-json\/wp\/v2\/comments?post=127957"}],"version-history":[{"count":0,"href":"https:\/\/linitiative.ca\/International\/wp-json\/wp\/v2\/posts\/127957\/revisions"}],"wp:attachment":[{"href":"https:\/\/linitiative.ca\/International\/wp-json\/wp\/v2\/media?parent=127957"}],"wp:term":[{"taxonomy":"category","embeddable":true,"href":"https:\/\/linitiative.ca\/International\/wp-json\/wp\/v2\/categories?post=127957"},{"taxonomy":"post_tag","embeddable":true,"href":"https:\/\/linitiative.ca\/International\/wp-json\/wp\/v2\/tags?post=127957"}],"curies":[{"name":"wp","href":"https:\/\/api.w.org\/{rel}","templated":true}]}}