{"id":127959,"date":"2021-09-23T15:27:50","date_gmt":"2021-09-23T19:27:50","guid":{"rendered":"https:\/\/linitiative.ca\/International\/reprise-annoncee-du-dialogue-politique-au-burkina\/"},"modified":"2021-09-23T15:27:50","modified_gmt":"2021-09-23T19:27:50","slug":"reprise-annoncee-du-dialogue-politique-au-burkina","status":"publish","type":"post","link":"https:\/\/linitiative.ca\/International\/reprise-annoncee-du-dialogue-politique-au-burkina\/","title":{"rendered":"REPRISE ANNONCEE DU DIALOGUE POLITIQUE AU BURKINA  \u00a0"},"content":{"rendered":"<div>\n<p><img decoding=\"async\" width=\"720\" height=\"470\" src=\"https:\/\/linitiative.ca\/International\/wp-content\/uploads\/sites\/23\/2021\/09\/DIALOGUE-POLITIQUE.jpg\" class=\"attachment- size- wp-post-image\" alt=\"\" loading=\"lazy\" style=\"float:left; margin:0 15px 15px 0;\" srcset=\"https:\/\/linitiative.ca\/International\/wp-content\/uploads\/sites\/23\/2021\/09\/DIALOGUE-POLITIQUE.jpg 720w, https:\/\/lepays.bf\/wp-content\/uploads\/2021\/09\/DIALOGUE-POLITIQUE-300x196.jpg 300w\" sizes=\"auto, (max-width: 720px) 100vw, 720px\">Suspendu en juin dernier, le dialogue politique entre la majorit\u00e9 et l\u2019opposition, initi\u00e9 par le pr\u00e9sident du Faso, reprendra, en principe, les 27 et 28 septembre prochains \u00e0 Ouagadougou. Il planchera sur des sujets d\u2019int\u00e9r\u00eat national tels que la crise s\u00e9curitaire, le red\u00e9coupage annonc\u00e9 de certaines r\u00e9gions, la r\u00e9vision du Code \u00e9lectoral en pr\u00e9lude aux \u2026<\/p>\n<p>L\u2019article <a rel=\"nofollow\" href=\"https:\/\/lepays.bf\/reprise-annoncee-du-dialogue-politique-au-burkina\/\">REPRISE ANNONCEE DU DIALOGUE POLITIQUE AU BURKINA  \u00a0<\/a> est apparu en premier sur <a rel=\"nofollow\" href=\"https:\/\/lepays.bf\/\">Editions Le Pays<\/a>.<\/p>\n<\/div>\n<p>Auteur: Editions LEPAYS<br \/>\n<a href=\"https:\/\/lepays.bf\/reprise-annoncee-du-dialogue-politique-au-burkina\/\">Cliquez ici pour lire l&rsquo;article depuis sa source.<\/a><\/p>\n","protected":false},"excerpt":{"rendered":"<p>Suspendu en juin dernier, le dialogue politique entre la majorit\u00e9 et l\u2019opposition, initi\u00e9 par le pr\u00e9sident du Faso, reprendra, en principe, les 27 et 28 septembre prochains \u00e0 Ouagadougou. Il planchera sur des sujets d\u2019int\u00e9r\u00eat national tels que la crise s\u00e9curitaire, le red\u00e9coupage annonc\u00e9 de certaines r\u00e9gions, la r\u00e9vision du Code \u00e9lectoral en pr\u00e9lude aux [&hellip;]<\/p>\n","protected":false},"author":1813,"featured_media":0,"comment_status":"closed","ping_status":"closed","sticky":false,"template":"","format":"standard","meta":{"fifu_image_url":"https:\/\/lepays.bf\/wp-content\/uploads\/2021\/09\/DIALOGUE-POLITIQUE.jpg","fifu_image_alt":"REPRISE ANNONCEE DU DIALOGUE POLITIQUE AU BURKINA  \u00a0","footnotes":""},"categories":[73,81],"tags":[],"class_list":["post-127959","post","type-post","status-publish","format-standard","hentry","category-actualite","category-burkina-faso"],"_links":{"self":[{"href":"https:\/\/linitiative.ca\/International\/wp-json\/wp\/v2\/posts\/127959","targetHints":{"allow":["GET"]}}],"collection":[{"href":"https:\/\/linitiative.ca\/International\/wp-json\/wp\/v2\/posts"}],"about":[{"href":"https:\/\/linitiative.ca\/International\/wp-json\/wp\/v2\/types\/post"}],"author":[{"embeddable":true,"href":"https:\/\/linitiative.ca\/International\/wp-json\/wp\/v2\/users\/1813"}],"replies":[{"embeddable":true,"href":"https:\/\/linitiative.ca\/International\/wp-json\/wp\/v2\/comments?post=127959"}],"version-history":[{"count":0,"href":"https:\/\/linitiative.ca\/International\/wp-json\/wp\/v2\/posts\/127959\/revisions"}],"wp:attachment":[{"href":"https:\/\/linitiative.ca\/International\/wp-json\/wp\/v2\/media?parent=127959"}],"wp:term":[{"taxonomy":"category","embeddable":true,"href":"https:\/\/linitiative.ca\/International\/wp-json\/wp\/v2\/categories?post=127959"},{"taxonomy":"post_tag","embeddable":true,"href":"https:\/\/linitiative.ca\/International\/wp-json\/wp\/v2\/tags?post=127959"}],"curies":[{"name":"wp","href":"https:\/\/api.w.org\/{rel}","templated":true}]}}