{"id":127963,"date":"2021-09-23T15:37:02","date_gmt":"2021-09-23T19:37:02","guid":{"rendered":"https:\/\/linitiative.ca\/International\/renforcement-annonce-de-la-presence-americaine-au-sahel-sur-fond-de-brouilles-entre-paris-et-washington\/"},"modified":"2021-09-23T15:37:02","modified_gmt":"2021-09-23T19:37:02","slug":"renforcement-annonce-de-la-presence-americaine-au-sahel-sur-fond-de-brouilles-entre-paris-et-washington","status":"publish","type":"post","link":"https:\/\/linitiative.ca\/International\/renforcement-annonce-de-la-presence-americaine-au-sahel-sur-fond-de-brouilles-entre-paris-et-washington\/","title":{"rendered":"RENFORCEMENT ANNONCE DE LA PRESENCE AMERICAINE AU SAHEL SUR FOND DE BROUILLES ENTRE PARIS ET WASHINGTON  \u00a0"},"content":{"rendered":"<div>\n<p><img decoding=\"async\" width=\"590\" height=\"332\" src=\"https:\/\/linitiative.ca\/International\/wp-content\/uploads\/sites\/23\/2021\/09\/BROUILLE.jpg\" class=\"attachment- size- wp-post-image\" alt=\"\" loading=\"lazy\" style=\"float:left; margin:0 15px 15px 0;\" srcset=\"https:\/\/linitiative.ca\/International\/wp-content\/uploads\/sites\/23\/2021\/09\/BROUILLE.jpg 590w, https:\/\/lepays.bf\/wp-content\/uploads\/2021\/09\/BROUILLE-300x169.jpg 300w, https:\/\/lepays.bf\/wp-content\/uploads\/2021\/09\/BROUILLE-390x220.jpg 390w\" sizes=\"auto, (max-width: 590px) 100vw, 590px\">Entre Washington et Paris, rien ne va plus depuis que l\u2019Oncle Sam a fait capoter le contrat de vente juteux de sous-marins entre la France et l\u2019Australie. En rappel, ce contrat scell\u00e9 en 2019 et qualifi\u00e9, \u00e0 juste titre, de contrat du si\u00e8cle, tant il est hors norme \u00e0 tout point de vue, consistait pour \u2026<\/p>\n<p>L\u2019article <a rel=\"nofollow\" href=\"https:\/\/lepays.bf\/renforcement-annonce-de-la-presence-americaine-au-sahel-sur-fond-de-brouilles-entre-paris-et-washington\/\">RENFORCEMENT ANNONCE DE LA PRESENCE AMERICAINE AU SAHEL SUR FOND DE BROUILLES ENTRE PARIS ET WASHINGTON  \u00a0<\/a> est apparu en premier sur <a rel=\"nofollow\" href=\"https:\/\/lepays.bf\/\">Editions Le Pays<\/a>.<\/p>\n<\/div>\n<p>Auteur: Editions LEPAYS<br \/>\n<a href=\"https:\/\/lepays.bf\/renforcement-annonce-de-la-presence-americaine-au-sahel-sur-fond-de-brouilles-entre-paris-et-washington\/\">Cliquez ici pour lire l&rsquo;article depuis sa source.<\/a><\/p>\n","protected":false},"excerpt":{"rendered":"<p>Entre Washington et Paris, rien ne va plus depuis que l\u2019Oncle Sam a fait capoter le contrat de vente juteux de sous-marins entre la France et l\u2019Australie. En rappel, ce contrat scell\u00e9 en 2019 et qualifi\u00e9, \u00e0 juste titre, de contrat du si\u00e8cle, tant il est hors norme \u00e0 tout point de vue, consistait pour [&hellip;]<\/p>\n","protected":false},"author":1813,"featured_media":0,"comment_status":"closed","ping_status":"closed","sticky":false,"template":"","format":"standard","meta":{"fifu_image_url":"https:\/\/lepays.bf\/wp-content\/uploads\/2021\/09\/BROUILLE.jpg","fifu_image_alt":"RENFORCEMENT ANNONCE DE LA PRESENCE AMERICAINE AU SAHEL SUR FOND DE BROUILLES ENTRE PARIS ET WASHINGTON  \u00a0","footnotes":""},"categories":[73,81],"tags":[],"class_list":["post-127963","post","type-post","status-publish","format-standard","hentry","category-actualite","category-burkina-faso"],"_links":{"self":[{"href":"https:\/\/linitiative.ca\/International\/wp-json\/wp\/v2\/posts\/127963","targetHints":{"allow":["GET"]}}],"collection":[{"href":"https:\/\/linitiative.ca\/International\/wp-json\/wp\/v2\/posts"}],"about":[{"href":"https:\/\/linitiative.ca\/International\/wp-json\/wp\/v2\/types\/post"}],"author":[{"embeddable":true,"href":"https:\/\/linitiative.ca\/International\/wp-json\/wp\/v2\/users\/1813"}],"replies":[{"embeddable":true,"href":"https:\/\/linitiative.ca\/International\/wp-json\/wp\/v2\/comments?post=127963"}],"version-history":[{"count":0,"href":"https:\/\/linitiative.ca\/International\/wp-json\/wp\/v2\/posts\/127963\/revisions"}],"wp:attachment":[{"href":"https:\/\/linitiative.ca\/International\/wp-json\/wp\/v2\/media?parent=127963"}],"wp:term":[{"taxonomy":"category","embeddable":true,"href":"https:\/\/linitiative.ca\/International\/wp-json\/wp\/v2\/categories?post=127963"},{"taxonomy":"post_tag","embeddable":true,"href":"https:\/\/linitiative.ca\/International\/wp-json\/wp\/v2\/tags?post=127963"}],"curies":[{"name":"wp","href":"https:\/\/api.w.org\/{rel}","templated":true}]}}