{"id":127965,"date":"2021-09-23T16:48:20","date_gmt":"2021-09-23T20:48:20","guid":{"rendered":"https:\/\/linitiative.ca\/International\/arrestation-de-lex-ministre-mahamadou-camara-acte-dassainissement-ou-acte-de-diversion\/"},"modified":"2021-09-23T16:48:20","modified_gmt":"2021-09-23T20:48:20","slug":"arrestation-de-lex-ministre-mahamadou-camara-acte-dassainissement-ou-acte-de-diversion","status":"publish","type":"post","link":"https:\/\/linitiative.ca\/International\/arrestation-de-lex-ministre-mahamadou-camara-acte-dassainissement-ou-acte-de-diversion\/","title":{"rendered":"\u00a0ARRESTATION DE L\u2019EX- MINISTRE MAHAMADOU CAMARA :Acte d\u2019assainissement ou acte de diversion\u00a0?"},"content":{"rendered":"<div>\n<p><img decoding=\"async\" width=\"592\" height=\"296\" src=\"https:\/\/linitiative.ca\/International\/wp-content\/uploads\/sites\/23\/2021\/09\/CAMARA.jpg\" class=\"attachment- size- wp-post-image\" alt=\"\" loading=\"lazy\" style=\"float:left; margin:0 15px 15px 0;\" srcset=\"https:\/\/linitiative.ca\/International\/wp-content\/uploads\/sites\/23\/2021\/09\/CAMARA.jpg 592w, https:\/\/lepays.bf\/wp-content\/uploads\/2021\/09\/CAMARA-300x150.jpg 300w\" sizes=\"auto, (max-width: 592px) 100vw, 592px\">L\u2019ex-directeur de cabinet de la pr\u00e9sidence malienne, Mahamadou Camara, a \u00e9t\u00e9 inculp\u00e9 et plac\u00e9 hier, 23 septembre 2021, sous mandat de d\u00e9p\u00f4t. Cet ancien collaborateur direct d\u2019Ibrahim Boubacar Ke\u00efta (IBK), est poursuivi pour atteinte aux biens publics, corruption et trafic d\u2019influence. On se rappelle que cet ancien ministre de la Communication avait pass\u00e9 pr\u00e8s d\u2019un \u2026<\/p>\n<p>L\u2019article <a rel=\"nofollow\" href=\"https:\/\/lepays.bf\/arrestation-de-lex-ministre-mahamadou-camara\/\">\u00a0ARRESTATION DE L\u2019EX- MINISTRE MAHAMADOU CAMARA :Acte d\u2019assainissement ou acte de diversion\u00a0?<\/a> est apparu en premier sur <a rel=\"nofollow\" href=\"https:\/\/lepays.bf\/\">Editions Le Pays<\/a>.<\/p>\n<\/div>\n<p>Auteur: Editions LEPAYS<br \/>\n<a href=\"https:\/\/lepays.bf\/arrestation-de-lex-ministre-mahamadou-camara\/\">Cliquez ici pour lire l&rsquo;article depuis sa source.<\/a><\/p>\n","protected":false},"excerpt":{"rendered":"<p>L\u2019ex-directeur de cabinet de la pr\u00e9sidence malienne, Mahamadou Camara, a \u00e9t\u00e9 inculp\u00e9 et plac\u00e9 hier, 23 septembre 2021, sous mandat de d\u00e9p\u00f4t. Cet ancien collaborateur direct d\u2019Ibrahim Boubacar Ke\u00efta (IBK), est poursuivi pour atteinte aux biens publics, corruption et trafic d\u2019influence. On se rappelle que cet ancien ministre de la Communication avait pass\u00e9 pr\u00e8s d\u2019un [&hellip;]<\/p>\n","protected":false},"author":1813,"featured_media":0,"comment_status":"closed","ping_status":"closed","sticky":false,"template":"","format":"standard","meta":{"fifu_image_url":"https:\/\/lepays.bf\/wp-content\/uploads\/2021\/09\/CAMARA.jpg","fifu_image_alt":"\u00a0ARRESTATION DE L\u2019EX- MINISTRE MAHAMADOU CAMARA :Acte d\u2019assainissement ou acte de diversion\u00a0?","footnotes":""},"categories":[73,81],"tags":[],"class_list":["post-127965","post","type-post","status-publish","format-standard","hentry","category-actualite","category-burkina-faso"],"_links":{"self":[{"href":"https:\/\/linitiative.ca\/International\/wp-json\/wp\/v2\/posts\/127965","targetHints":{"allow":["GET"]}}],"collection":[{"href":"https:\/\/linitiative.ca\/International\/wp-json\/wp\/v2\/posts"}],"about":[{"href":"https:\/\/linitiative.ca\/International\/wp-json\/wp\/v2\/types\/post"}],"author":[{"embeddable":true,"href":"https:\/\/linitiative.ca\/International\/wp-json\/wp\/v2\/users\/1813"}],"replies":[{"embeddable":true,"href":"https:\/\/linitiative.ca\/International\/wp-json\/wp\/v2\/comments?post=127965"}],"version-history":[{"count":0,"href":"https:\/\/linitiative.ca\/International\/wp-json\/wp\/v2\/posts\/127965\/revisions"}],"wp:attachment":[{"href":"https:\/\/linitiative.ca\/International\/wp-json\/wp\/v2\/media?parent=127965"}],"wp:term":[{"taxonomy":"category","embeddable":true,"href":"https:\/\/linitiative.ca\/International\/wp-json\/wp\/v2\/categories?post=127965"},{"taxonomy":"post_tag","embeddable":true,"href":"https:\/\/linitiative.ca\/International\/wp-json\/wp\/v2\/tags?post=127965"}],"curies":[{"name":"wp","href":"https:\/\/api.w.org\/{rel}","templated":true}]}}