{"id":127967,"date":"2021-09-23T06:17:59","date_gmt":"2021-09-23T10:17:59","guid":{"rendered":"https:\/\/linitiative.ca\/International\/diplomatie-lalgerie-interdit-son-espace-aerien-au-maroc\/"},"modified":"2021-09-23T06:17:59","modified_gmt":"2021-09-23T10:17:59","slug":"diplomatie-lalgerie-interdit-son-espace-aerien-au-maroc","status":"publish","type":"post","link":"https:\/\/linitiative.ca\/International\/diplomatie-lalgerie-interdit-son-espace-aerien-au-maroc\/","title":{"rendered":"Diplomatie\u00a0: L\u2019Alg\u00e9rie interdit son espace a\u00e9rien au Maroc"},"content":{"rendered":"<div>\n<p><strong>L\u2019Alg\u00e9rie a d\u00e9cid\u00e9 le mercredi 22 septembre 2021, la fermeture de son espace a\u00e9rien a tous les avions civils et militaires marocains ainsi qu\u2019aux appareils immatricul\u00e9s au Maroc, a annonc\u00e9 la pr\u00e9sidence alg\u00e9rienne.<\/strong><\/p>\n<p>Les relations ex\u00e9crables entre l\u2019Alg\u00e9rie et le Maroc ont connu une nouvelle pouss\u00e9e de fi\u00e8vre mercredi avec l\u2019annonce de la fermeture de l\u2019espace a\u00e9rien alg\u00e9rien au voisin marocain accus\u00e9 de \u00ab\u00a0provocations et de pratiques hostiles\u00a0\u00bb.<\/p>\n<p>Cette d\u00e9cision survient un mois apr\u00e8s l\u2019annonce le 24 ao\u00fbt par l\u2019Alg\u00e9rie de la rupture de ses relations diplomatiques avec le Maroc, apr\u00e8s des mois de tensions exacerb\u00e9es entre ces deux pays rivaux du Maghreb.<\/p>\n<p>La d\u00e9cision a \u00e9t\u00e9 prise lors d\u2019une r\u00e9union du Haut Conseil de s\u00e9curit\u00e9 pr\u00e9sid\u00e9e par le chef de l\u2019Etat Abdelmadjid Tebboune, \u00e9galement ministre de la D\u00e9fense.<\/p>\n<p>La fermeture a \u00e9t\u00e9 d\u00e9cid\u00e9e \u00ab\u00a0au regard de la poursuite des provocations et pratiques hostiles du c\u00f4t\u00e9 marocain\u00a0\u00bb, sur lesquelles la pr\u00e9sidence n\u2019a apport\u00e9 aucune pr\u00e9cision.<\/p>\n<p>Les fronti\u00e8res a\u00e9riennes de l\u2019Alg\u00e9rie, ferm\u00e9es depuis le 17 mars en raison de l\u2019\u00e9pid\u00e9mie de Covid-19, n\u2019ont rouvert que partiellement le 1er juin vers sept pays dont le Maroc ne faisait pas partie.<\/p>\n<p>De son c\u00f4t\u00e9<strong>, <\/strong>le Maroc a regrett\u00e9 la d\u00e9cision alg\u00e9rienne de rompre les relations, la qualifiant de \u00ab\u00a0compl\u00e9tement injustifi\u00e9e\u00a0\u00bb, et a rejet\u00e9 \u00ab\u00a0les pr\u00e9textes fallacieux, voire absurdes, qui la sous-tendent\u00a0\u00bb.<\/p>\n<p>Cette tension entre les deux voisins est sous tendue par l\u2019\u00e9pineux dossier du Sahara occidental, un vaste territoire d\u00e9sertique dont pr\u00e8s de 80 % est sous le contr\u00f4le du Maroc.<\/p>\n<p>Les liens diplomatiques avaient \u00e9t\u00e9 rompus une premi\u00e8re fois entre les deux pays le 7 mars 1976, \u00e0 l\u2019initiative de Rabat apr\u00e8s qu\u2019Alger a reconnu la R\u00e9publique arabe sahraouie d\u00e9mocratique (RASD), autoproclam\u00e9e par le Front Polisario.<\/p>\n<p style=\"text-align: right\"><strong>La R\u00e9daction<\/strong><\/p>\n<p style=\"text-align: right\"><strong>\u00a0<\/strong><\/p>\n<p>L\u2019article <a rel=\"nofollow\" href=\"https:\/\/www.sidwaya.info\/blog\/2021\/09\/23\/diplomatie-lalgerie-interdit-son-espace-aerien-au-maroc\/\">Diplomatie\u00a0: L\u2019Alg\u00e9rie interdit son espace a\u00e9rien au Maroc<\/a> est apparu en premier sur <a rel=\"nofollow\" href=\"https:\/\/www.sidwaya.info\/\">Quotidien Sidwaya<\/a>.<\/p>\n<\/div>\n<p>Auteur: Wamini SIDWAYA<br \/>\n<a href=\"https:\/\/www.sidwaya.info\/blog\/2021\/09\/23\/diplomatie-lalgerie-interdit-son-espace-aerien-au-maroc\/\">Cliquez ici pour lire l&rsquo;article depuis sa source.<\/a><\/p>\n","protected":false},"excerpt":{"rendered":"<p>L\u2019Alg\u00e9rie a d\u00e9cid\u00e9 le mercredi 22 septembre 2021, la fermeture de son espace a\u00e9rien a tous les avions civils et militaires marocains ainsi qu\u2019aux appareils immatricul\u00e9s au Maroc, a annonc\u00e9 la pr\u00e9sidence alg\u00e9rienne. Les relations ex\u00e9crables entre l\u2019Alg\u00e9rie et le Maroc ont connu une nouvelle pouss\u00e9e de fi\u00e8vre mercredi avec l\u2019annonce de la fermeture de [&hellip;]<\/p>\n","protected":false},"author":1816,"featured_media":0,"comment_status":"closed","ping_status":"closed","sticky":false,"template":"","format":"standard","meta":{"fifu_image_url":"","fifu_image_alt":"","footnotes":""},"categories":[73,81],"tags":[],"class_list":["post-127967","post","type-post","status-publish","format-standard","hentry","category-actualite","category-burkina-faso"],"_links":{"self":[{"href":"https:\/\/linitiative.ca\/International\/wp-json\/wp\/v2\/posts\/127967","targetHints":{"allow":["GET"]}}],"collection":[{"href":"https:\/\/linitiative.ca\/International\/wp-json\/wp\/v2\/posts"}],"about":[{"href":"https:\/\/linitiative.ca\/International\/wp-json\/wp\/v2\/types\/post"}],"author":[{"embeddable":true,"href":"https:\/\/linitiative.ca\/International\/wp-json\/wp\/v2\/users\/1816"}],"replies":[{"embeddable":true,"href":"https:\/\/linitiative.ca\/International\/wp-json\/wp\/v2\/comments?post=127967"}],"version-history":[{"count":0,"href":"https:\/\/linitiative.ca\/International\/wp-json\/wp\/v2\/posts\/127967\/revisions"}],"wp:attachment":[{"href":"https:\/\/linitiative.ca\/International\/wp-json\/wp\/v2\/media?parent=127967"}],"wp:term":[{"taxonomy":"category","embeddable":true,"href":"https:\/\/linitiative.ca\/International\/wp-json\/wp\/v2\/categories?post=127967"},{"taxonomy":"post_tag","embeddable":true,"href":"https:\/\/linitiative.ca\/International\/wp-json\/wp\/v2\/tags?post=127967"}],"curies":[{"name":"wp","href":"https:\/\/api.w.org\/{rel}","templated":true}]}}