{"id":127969,"date":"2021-09-23T06:49:15","date_gmt":"2021-09-23T10:49:15","guid":{"rendered":"https:\/\/linitiative.ca\/International\/evasion-fiscale-chaque-annee-les-multinationales-installees-au-burkina-transferent-158-milliards-fcfa-vers-les-paradis-fiscaux\/"},"modified":"2021-09-23T06:49:15","modified_gmt":"2021-09-23T10:49:15","slug":"evasion-fiscale-chaque-annee-les-multinationales-installees-au-burkina-transferent-158-milliards-fcfa-vers-les-paradis-fiscaux","status":"publish","type":"post","link":"https:\/\/linitiative.ca\/International\/evasion-fiscale-chaque-annee-les-multinationales-installees-au-burkina-transferent-158-milliards-fcfa-vers-les-paradis-fiscaux\/","title":{"rendered":"Evasion fiscale\u00a0: Chaque ann\u00e9e, les multinationales install\u00e9es au Burkina transf\u00e8rent 1,58 milliards FCFA vers les paradis fiscaux"},"content":{"rendered":"<div>\n<p><strong>Le Centre d\u2019\u00e9tudes et de Recherche Appliqu\u00e9e en Finances Publiques (CERA-FP) a organis\u00e9 un atelier de sensibilisation sur la justice fiscale \u00e0 l\u2019endroit des repr\u00e9sentants de soci\u00e9t\u00e9 civile, de l\u2019administration publique, du secteur priv\u00e9 et des m\u00e9dias, les 16 et 17 septembre 2021, \u00e0 Ouagadougou. <\/strong><\/p>\n<p><strong>\u00a0<\/strong>Les injustices dans le syst\u00e8me fiscal burkinab\u00e8 pr\u00e9occupent le Centre d\u2019\u00e9tudes et de Recherche Appliqu\u00e9e en Finances Publiques (CERA-FP). Pour sensibiliser la soci\u00e9t\u00e9 civile, l\u2019administration publique, le secteur priv\u00e9 et les m\u00e9dias sur la probl\u00e9matique et interpeller les d\u00e9cideurs, CERA-FP a organis\u00e9 un atelier sur le sujet les 16 et 17 septembre 2021, \u00e0 Ouagadougou.<\/p>\n<p>Selon le secr\u00e9taire ex\u00e9cutif de CERA-FP, Hermann Doanio, le syst\u00e8me fiscal burkinab\u00e9 est porteur d\u2019\u00e9normes sources d\u2019in\u00e9galit\u00e9s. Ces injustices fiscales perp\u00e9tuent les in\u00e9galit\u00e9s sociales et aggravent la pauvret\u00e9 des couches vuln\u00e9rables. La principale cause de l\u2019injustice r\u00e9side dans le caract\u00e8re r\u00e9gressif de certains imp\u00f4ts et taxes, \u00e0 l\u2019image de la taxe sur la valeur ajout\u00e9e (TVA) qui ne permettent pas d\u2019imposer les citoyens selon leurs capacit\u00e9s contributives, a expliqu\u00e9 M. Doanio. Selon lui, le fait que la TVA frappe les produits de grande consommation et les biens de luxe d\u2019un m\u00eame taux (18%) p\u00e9nalise les pauvres et favorise les riches. Pour corriger cette injustice fiscale voire sociale, le taux de la TVA, comme de de bien d\u2019autres imp\u00f4ts, devrait \u00eatre progressif.<\/p>\n<p>Les injustices du syst\u00e8me fiscal burkinab\u00e8 viennent \u00e9galement du volume \u00e9lev\u00e9 des exon\u00e9rations que l\u2019Etat accorde aux grandes entreprises, a poursuivi le secr\u00e9taire ex\u00e9cutif de CERA-FP. <em>\u00ab\u00a0Les entreprises ont b\u00e9n\u00e9fici\u00e9 en moyenne de 72,51% du total des incitations fiscales sur la p\u00e9riode de 2016-2019. Du reste, les objectifs de ces avantages ne sont pas toujours atteints.\u00a0 Donc injustice et d\u00e9perditions de ressources\u00a0\u00bb<\/em>, a-t-il relev\u00e9.<\/p>\n<p>Et d\u2019ajouter que les multinationales install\u00e9es au Burkina Faso transf\u00e8rent chaque ann\u00e9e 1,58 milliard F CFA de b\u00e9n\u00e9fices vers les paradis fiscaux en vue d\u2019\u00e9chapper au fisc, soit 45,622 milliards de perte de recettes en 2019 au titre de l\u2019imp\u00f4t sur les soci\u00e9t\u00e9s.<\/p>\n<p>La non fiscalisation du secteur agricole, notamment les agrobusiness men, et l\u2019imp\u00f4t forfaitaire appliqu\u00e9 au niveau des contribuables du secteur informel, les mettant dans une situation plus que confortable par rapport au secteur formel, constituent \u00e9galement des injustices fiscales \u00e0 corriger, a fait savoir Hermann Doanio.<\/p>\n<p><strong>Lutter contre l\u2019\u00e9vasion fiscale<\/strong><\/p>\n<p>Les agents des imp\u00f4ts contribuent \u00a0 aussi \u00e0 cr\u00e9er les situations d\u2019injustices. <em>\u00ab La corruption omnipr\u00e9sente dans les structures de collecte des recettes et le contact physique des agents de recouvrement avec les contribuables cr\u00e9ent des injustices criards\u00a0\u00bb<\/em>, a-t-il indiqu\u00e9.<\/p>\n<figure id=\"attachment_39916\" aria-describedby=\"caption-attachment-39916\" style=\"width: 900px\" class=\"wp-caption alignnone\"><img decoding=\"async\" loading=\"lazy\" class=\"wp-image-39916 size-full\" src=\"https:\/\/linitiative.ca\/International\/wp-content\/uploads\/sites\/23\/2021\/09\/Ph-ITW.jpg\" alt=\"\" width=\"900\" height=\"675\" srcset=\"https:\/\/linitiative.ca\/International\/wp-content\/uploads\/sites\/23\/2021\/09\/Ph-ITW.jpg 900w, https:\/\/www.sidwaya.info\/wp-content\/uploads\/2021\/09\/Ph-ITW-300x225.jpg 300w, https:\/\/www.sidwaya.info\/wp-content\/uploads\/2021\/09\/Ph-ITW-768x576.jpg 768w, https:\/\/www.sidwaya.info\/wp-content\/uploads\/2021\/09\/Ph-ITW-150x113.jpg 150w, https:\/\/www.sidwaya.info\/wp-content\/uploads\/2021\/09\/Ph-ITW-696x522.jpg 696w, https:\/\/www.sidwaya.info\/wp-content\/uploads\/2021\/09\/Ph-ITW-560x420.jpg 560w, https:\/\/www.sidwaya.info\/wp-content\/uploads\/2021\/09\/Ph-ITW-80x60.jpg 80w, https:\/\/www.sidwaya.info\/wp-content\/uploads\/2021\/09\/Ph-ITW-265x198.jpg 265w\" sizes=\"auto, (max-width: 900px) 100vw, 900px\"><figcaption id=\"caption-attachment-39916\" class=\"wp-caption-text\">1. Selon le secr\u00e9taire ex\u00e9cutif de CERA-FP, Hermann Doanio (milieu), pour lutter contre les in\u00e9galit\u00e9s sociales, il faut aller vers une fiscalit\u00e9 progressive.<\/figcaption><\/figure>\n<p>Pour M. Doanio, des in\u00e9galit\u00e9s se trouvent \u00e9galement dans les d\u00e9penses publiques quand elles ne sont pas pro-pauvres, c\u2019est-\u00e0-dire quand elles ne permettent pas une prise en charge efficace des besoins des populations en termes d\u2019acc\u00e8s aux services sociaux de base comme l\u2019\u00e9duction, la sant\u00e9, la protection sociale, etc. Selon le CERA-FP, sur la p\u00e9riode 2016-2019, l\u2019Etat a allou\u00e9 en moyenne 36,72% de son budget aux d\u00e9penses sociales (\u00e9ducation, sant\u00e9 et agriculture), tandis que suivant ses engagements au niveau national et international, 41,8% du budget national devrait \u00eatre allou\u00e9 aux d\u00e9penses sociales.<\/p>\n<p>La solution pour r\u00e9duire ces in\u00e9galit\u00e9s que cr\u00e9ent l\u2019injustice fiscale, \u00e0 d\u00e9faut d\u2019y mettre fin, r\u00e9side dans la promotion d\u2019une fiscalit\u00e9 progressive et des d\u00e9penses pro pauvres. Dans ce sens, le CERA-FP et les participants \u00e0 l\u2019atelier ont formul\u00e9 des recommandations \u00e0 l\u2019endroit des d\u00e9cideurs politiques. Ils ont appel\u00e9 l\u2019Etat \u00e0 d\u00e9finir des taux de TVA progressifs en fonction des biens (biens de luxe et biens vitaux), rationnaliser les exon\u00e9rations fiscales tout en \u00e9valuant leur impact, mettre en place un syst\u00e8me de contr\u00f4le des paiements effectifs des imp\u00f4ts sur les revenus fonciers.<\/p>\n<p>Ils ont \u00e9galement invit\u00e9 le gouvernement \u00e0 mettre rapidement sur pied le cadastre fiscal pour une fiscalisation plus juste et efficace, renforcer les politiques de lutte contre l\u2019\u00e9vasion fiscale, assurer une r\u00e9partition \u00e9quitable des ressources budg\u00e9taires entre les diff\u00e9rentes localit\u00e9s et les diff\u00e9rentes couches de la population, exon\u00e9rer les revenus des pauvres et vuln\u00e9rables pour les premi\u00e8res tranches de 0 \u00e0 100.000 FCFA, etc.<\/p>\n<p style=\"text-align: right\"><strong>Mahamadi SEBOGO<\/strong><\/p>\n<p style=\"text-align: right\"><a href=\"mailto:Windmad76@gmail.com\"><strong>Windmad76@gmail.com<\/strong><\/a><\/p>\n<p>L\u2019article <a rel=\"nofollow\" href=\"https:\/\/www.sidwaya.info\/blog\/2021\/09\/23\/evasion-fiscale-chaque-annee-les-multinationales-installees-au-burkina-transferent-158-milliards-fcfa-vers-les-paradis-fiscaux\/\">Evasion fiscale\u00a0: Chaque ann\u00e9e, les multinationales install\u00e9es au Burkina transf\u00e8rent 1,58 milliards FCFA vers les paradis fiscaux<\/a> est apparu en premier sur <a rel=\"nofollow\" href=\"https:\/\/www.sidwaya.info\/\">Quotidien Sidwaya<\/a>.<\/p>\n<\/div>\n<p>Auteur: Wamini SIDWAYA<br \/>\n<a href=\"https:\/\/www.sidwaya.info\/blog\/2021\/09\/23\/evasion-fiscale-chaque-annee-les-multinationales-installees-au-burkina-transferent-158-milliards-fcfa-vers-les-paradis-fiscaux\/\">Cliquez ici pour lire l&rsquo;article depuis sa source.<\/a><\/p>\n","protected":false},"excerpt":{"rendered":"<p>Le Centre d\u2019\u00e9tudes et de Recherche Appliqu\u00e9e en Finances Publiques (CERA-FP) a organis\u00e9 un atelier de sensibilisation sur la justice fiscale \u00e0 l\u2019endroit des repr\u00e9sentants de soci\u00e9t\u00e9 civile, de l\u2019administration publique, du secteur priv\u00e9 et des m\u00e9dias, les 16 et 17 septembre 2021, \u00e0 Ouagadougou. \u00a0Les injustices dans le syst\u00e8me fiscal burkinab\u00e8 pr\u00e9occupent le Centre [&hellip;]<\/p>\n","protected":false},"author":1816,"featured_media":0,"comment_status":"closed","ping_status":"closed","sticky":false,"template":"","format":"standard","meta":{"fifu_image_url":"https:\/\/www.sidwaya.info\/wp-content\/uploads\/2021\/09\/Ph-ITW.jpg","fifu_image_alt":"Evasion fiscale\u00a0: Chaque ann\u00e9e, les multinationales install\u00e9es au Burkina transf\u00e8rent 1,58 milliards FCFA vers les paradis fiscaux","footnotes":""},"categories":[73,81],"tags":[],"class_list":["post-127969","post","type-post","status-publish","format-standard","hentry","category-actualite","category-burkina-faso"],"_links":{"self":[{"href":"https:\/\/linitiative.ca\/International\/wp-json\/wp\/v2\/posts\/127969","targetHints":{"allow":["GET"]}}],"collection":[{"href":"https:\/\/linitiative.ca\/International\/wp-json\/wp\/v2\/posts"}],"about":[{"href":"https:\/\/linitiative.ca\/International\/wp-json\/wp\/v2\/types\/post"}],"author":[{"embeddable":true,"href":"https:\/\/linitiative.ca\/International\/wp-json\/wp\/v2\/users\/1816"}],"replies":[{"embeddable":true,"href":"https:\/\/linitiative.ca\/International\/wp-json\/wp\/v2\/comments?post=127969"}],"version-history":[{"count":0,"href":"https:\/\/linitiative.ca\/International\/wp-json\/wp\/v2\/posts\/127969\/revisions"}],"wp:attachment":[{"href":"https:\/\/linitiative.ca\/International\/wp-json\/wp\/v2\/media?parent=127969"}],"wp:term":[{"taxonomy":"category","embeddable":true,"href":"https:\/\/linitiative.ca\/International\/wp-json\/wp\/v2\/categories?post=127969"},{"taxonomy":"post_tag","embeddable":true,"href":"https:\/\/linitiative.ca\/International\/wp-json\/wp\/v2\/tags?post=127969"}],"curies":[{"name":"wp","href":"https:\/\/api.w.org\/{rel}","templated":true}]}}