{"id":127973,"date":"2021-09-23T11:57:05","date_gmt":"2021-09-23T15:57:05","guid":{"rendered":"https:\/\/linitiative.ca\/International\/terrorisme-roch-kabore-invite-la-communaute-internationale-a-soutenir-davantage-le-g5-sahel-ag-onu\/"},"modified":"2021-09-23T11:57:05","modified_gmt":"2021-09-23T15:57:05","slug":"terrorisme-roch-kabore-invite-la-communaute-internationale-a-soutenir-davantage-le-g5-sahel-ag-onu","status":"publish","type":"post","link":"https:\/\/linitiative.ca\/International\/terrorisme-roch-kabore-invite-la-communaute-internationale-a-soutenir-davantage-le-g5-sahel-ag-onu\/","title":{"rendered":"Terrorisme\u00a0: Roch Kabor\u00e9 invite la communaut\u00e9 internationale \u00e0 soutenir davantage le G5 Sahel. (AG ONU)"},"content":{"rendered":"<div>\n<p><strong>Le Pr\u00e9sident du Faso, Roch Marc Christian Kabor\u00e9 a fait ce jeudi 23 septembre 2021 une d\u00e9claration en s\u00e9ance pl\u00e9ni\u00e8re de l\u2019Assembl\u00e9e g\u00e9n\u00e9rale de l\u2019ONU.<\/strong><\/p>\n<p>Dans la lutte contre le terrorisme, le pr\u00e9sident du Faso, Roch Kabor\u00e9 a indiqu\u00e9 que les seuls efforts des pays touch\u00e9s ne seront efficaces que s\u2019il y a le soutien de la communaut\u00e9 internationale. De ce fait, il a invit\u00e9 cette communaut\u00e9 \u00e0 soutenir d\u2019avantage le G5 Sahel.<em> \u00ab\u00a0C\u2019est le lieu pour moi, de rappeler qu\u2019il s\u2019agit de paix et de s\u00e9curit\u00e9 internationales et donc qu<\/em>\u2019<em>il est n\u00e9cessaire, voire urgent pour la communaut\u00e9 internationale et <\/em><em>particuli<\/em><em>\u00e8rement<\/em><em> le Conseil de s\u00e9curit\u00e9, de soutenir les pays du G5 Sahel dans la lutte contre le terrorisme\u00a0<\/em>\u00bb, a-t-il affirm\u00e9<em>.<\/em> Le pr\u00e9sident du Faso, Roch Kabor\u00e9 a soulign\u00e9 que la meilleure fa\u00e7on de le faire serait de placer le mandat de la Force Conjointe du G5 Sahel sous le chapitre VII de la charte des Nations-unies.<\/p>\n<p>Il a \u00e9galement salu\u00e9 les efforts de coordination et de coop\u00e9ration des Etats membres de la Communaut\u00e9 Economique des Etats de l\u2019Afrique de l\u2019Ouest (CEDEAO) dans notre lutte commune contre le terrorisme.<\/p>\n<p>Pour lui, la nomination par la 59eme session de la Conf\u00e9rence des Chefs d\u2019Etat de Monsieur Mahamadou Issoufou, ancien Pr\u00e9sident de la R\u00e9publique du Niger et de Monsieur Nana Addo DankwA Akufo-Addo, Pr\u00e9sident de la R\u00e9publique du Ghana, comme champions de la mobilisation des ressources pour le Plan d\u2019Actions 2020-2024 pour l\u2019\u00e9radication du terrorisme dans la r\u00e9gion, est une bonne indication et constitue un acte majeur de l\u2019engagement de la CEDEAO.<\/p>\n<p>\u00ab Je voudrais \u00e9galement reconna\u00eetre et saluer l\u2019assistance multiforme de tous les partenaires bilat\u00e9raux et multilat\u00e9raux, l\u2019Union europ\u00e9enne, les Nations-Unies et bien d\u2019autres, dans cette lutte, et r\u00e9it\u00e9rer notre reconnaissance au Secr\u00e9taire G\u00e9n\u00e9ral des Nations-unies pour son engagement personnel en faveur du Sahel \u00bb, a affirm\u00e9 Roch Kabor\u00e9.<\/p>\n<p><strong>\u00a0 \u00a0 \u00a0 \u00a0 \u00a0 \u00a0 \u00a0 \u00a0 \u00a0 \u00a0 \u00a0 \u00a0 \u00a0 \u00a0 \u00a0 \u00a0 \u00a0 \u00a0 \u00a0 \u00a0 \u00a0 \u00a0 \u00a0 \u00a0 \u00a0 \u00a0 \u00a0 \u00a0 \u00a0 \u00a0 \u00a0 \u00a0 \u00a0 \u00a0 \u00a0 \u00a0 \u00a0 \u00a0 \u00a0 \u00a0 \u00a0 \u00a0 \u00a0 \u00a0 \u00a0 \u00a0 \u00a0 \u00a0 \u00a0 \u00a0 La R\u00e9daction<\/strong><\/p>\n<p>L\u2019article <a rel=\"nofollow\" href=\"https:\/\/www.sidwaya.info\/blog\/2021\/09\/23\/terrorisme-roch-kabore-invite-la-communaute-internationale-a-soutenir-davantage-le-g5-sahel-ag-onu\/\">Terrorisme\u00a0: Roch Kabor\u00e9 invite la communaut\u00e9 internationale \u00e0 soutenir davantage le G5 Sahel. (AG ONU)<\/a> est apparu en premier sur <a rel=\"nofollow\" href=\"https:\/\/www.sidwaya.info\/\">Quotidien Sidwaya<\/a>.<\/p>\n<\/div>\n<p>Auteur: Wamini SIDWAYA<br \/>\n<a href=\"https:\/\/www.sidwaya.info\/blog\/2021\/09\/23\/terrorisme-roch-kabore-invite-la-communaute-internationale-a-soutenir-davantage-le-g5-sahel-ag-onu\/\">Cliquez ici pour lire l&rsquo;article depuis sa source.<\/a><\/p>\n","protected":false},"excerpt":{"rendered":"<p>Le Pr\u00e9sident du Faso, Roch Marc Christian Kabor\u00e9 a fait ce jeudi 23 septembre 2021 une d\u00e9claration en s\u00e9ance pl\u00e9ni\u00e8re de l\u2019Assembl\u00e9e g\u00e9n\u00e9rale de l\u2019ONU. Dans la lutte contre le terrorisme, le pr\u00e9sident du Faso, Roch Kabor\u00e9 a indiqu\u00e9 que les seuls efforts des pays touch\u00e9s ne seront efficaces que s\u2019il y a le soutien [&hellip;]<\/p>\n","protected":false},"author":1816,"featured_media":0,"comment_status":"closed","ping_status":"closed","sticky":false,"template":"","format":"standard","meta":{"fifu_image_url":"","fifu_image_alt":"","footnotes":""},"categories":[73,81],"tags":[],"class_list":["post-127973","post","type-post","status-publish","format-standard","hentry","category-actualite","category-burkina-faso"],"_links":{"self":[{"href":"https:\/\/linitiative.ca\/International\/wp-json\/wp\/v2\/posts\/127973","targetHints":{"allow":["GET"]}}],"collection":[{"href":"https:\/\/linitiative.ca\/International\/wp-json\/wp\/v2\/posts"}],"about":[{"href":"https:\/\/linitiative.ca\/International\/wp-json\/wp\/v2\/types\/post"}],"author":[{"embeddable":true,"href":"https:\/\/linitiative.ca\/International\/wp-json\/wp\/v2\/users\/1816"}],"replies":[{"embeddable":true,"href":"https:\/\/linitiative.ca\/International\/wp-json\/wp\/v2\/comments?post=127973"}],"version-history":[{"count":0,"href":"https:\/\/linitiative.ca\/International\/wp-json\/wp\/v2\/posts\/127973\/revisions"}],"wp:attachment":[{"href":"https:\/\/linitiative.ca\/International\/wp-json\/wp\/v2\/media?parent=127973"}],"wp:term":[{"taxonomy":"category","embeddable":true,"href":"https:\/\/linitiative.ca\/International\/wp-json\/wp\/v2\/categories?post=127973"},{"taxonomy":"post_tag","embeddable":true,"href":"https:\/\/linitiative.ca\/International\/wp-json\/wp\/v2\/tags?post=127973"}],"curies":[{"name":"wp","href":"https:\/\/api.w.org\/{rel}","templated":true}]}}