{"id":127974,"date":"2021-09-23T12:18:01","date_gmt":"2021-09-23T16:18:01","guid":{"rendered":"https:\/\/linitiative.ca\/International\/libye-le-general-haftar-candidat-a-la-presidentielle\/"},"modified":"2021-09-23T12:18:01","modified_gmt":"2021-09-23T16:18:01","slug":"libye-le-general-haftar-candidat-a-la-presidentielle","status":"publish","type":"post","link":"https:\/\/linitiative.ca\/International\/libye-le-general-haftar-candidat-a-la-presidentielle\/","title":{"rendered":"Libye : le g\u00e9n\u00e9ral Haftar candidat \u00e0 la pr\u00e9sidentielle"},"content":{"rendered":"<div>\n<p><img loading=\"lazy\" decoding=\"async\" width=\"250\" height=\"200\" src=\"https:\/\/linitiative.ca\/International\/wp-content\/uploads\/sites\/23\/2021\/09\/16324138813762.jpg\" class=\"attachment-post-thumbnail size-post-thumbnail wp-post-image\" alt=\"\"><\/p>\n<p>Khalifa Haftar, chef militaire libyen, va quitter l&rsquo;arm\u00e9e pour se pr\u00e9senter \u00e0 la pr\u00e9sidentielle pr\u00e9vue en d\u00e9cembre prochain, a appris APA jeudi.Il veut ainsi respecter la loi \u00e9lectorale du pays qui stipule que les officiers militaires int\u00e9ress\u00e9s par la pr\u00e9sidence doivent quitter leurs fonctions dans l&rsquo;arm\u00e9e par obligation.<\/p>\n<p>Toutefois, la m\u00eame loi pr\u00e9cise que ceux qui l&rsquo;ont fait peuvent retrouver leur ancien poste s&rsquo;ils perdent l&rsquo;\u00e9lection.<\/p>\n<p>Si les alli\u00e9s du g\u00e9n\u00e9ral Haftar ont appr\u00e9ci\u00e9 cette loi, elle a \u00e9t\u00e9 rejet\u00e9e par ses opposants.<\/p>\n<p>En vertu d&rsquo;un nouvel accord, la Libye doit organiser des \u00e9lections en d\u00e9cembre, mais l&rsquo;on craint que des tensions prolong\u00e9es ne remettent en question la tenue du scrutin.<\/p>\n<p>Cet article <a rel=\"nofollow\" href=\"https:\/\/www.journalducameroun.com\/libye-le-general-haftar-candidat-a-la-presidentielle\/\">Libye : le g\u00e9n\u00e9ral Haftar candidat \u00e0 la pr\u00e9sidentielle<\/a> est apparu en premier sur <a rel=\"nofollow\" href=\"https:\/\/www.journalducameroun.com\/\">Journal du Cameroun<\/a>.<\/p>\n<\/div>\n<p>Auteur: APA News<br \/>\n<a href=\"https:\/\/www.journalducameroun.com\/libye-le-general-haftar-candidat-a-la-presidentielle\/\">Cliquez ici pour lire l&rsquo;article depuis sa source.<\/a><\/p>\n","protected":false},"excerpt":{"rendered":"<p>Khalifa Haftar, chef militaire libyen, va quitter l&rsquo;arm\u00e9e pour se pr\u00e9senter \u00e0 la pr\u00e9sidentielle pr\u00e9vue en d\u00e9cembre prochain, a appris APA jeudi.Il veut ainsi respecter la loi \u00e9lectorale du pays qui stipule que les officiers militaires int\u00e9ress\u00e9s par la pr\u00e9sidence doivent quitter leurs fonctions dans l&rsquo;arm\u00e9e par obligation. Toutefois, la m\u00eame loi pr\u00e9cise que ceux [&hellip;]<\/p>\n","protected":false},"author":1965,"featured_media":0,"comment_status":"closed","ping_status":"closed","sticky":false,"template":"","format":"standard","meta":{"fifu_image_url":"https:\/\/www.journalducameroun.com\/wp-content\/uploads\/2021\/09\/16324138813762.jpg","fifu_image_alt":"Libye : le g\u00e9n\u00e9ral Haftar candidat \u00e0 la pr\u00e9sidentielle","footnotes":""},"categories":[73,82],"tags":[],"class_list":["post-127974","post","type-post","status-publish","format-standard","hentry","category-actualite","category-cameroun"],"_links":{"self":[{"href":"https:\/\/linitiative.ca\/International\/wp-json\/wp\/v2\/posts\/127974","targetHints":{"allow":["GET"]}}],"collection":[{"href":"https:\/\/linitiative.ca\/International\/wp-json\/wp\/v2\/posts"}],"about":[{"href":"https:\/\/linitiative.ca\/International\/wp-json\/wp\/v2\/types\/post"}],"author":[{"embeddable":true,"href":"https:\/\/linitiative.ca\/International\/wp-json\/wp\/v2\/users\/1965"}],"replies":[{"embeddable":true,"href":"https:\/\/linitiative.ca\/International\/wp-json\/wp\/v2\/comments?post=127974"}],"version-history":[{"count":0,"href":"https:\/\/linitiative.ca\/International\/wp-json\/wp\/v2\/posts\/127974\/revisions"}],"wp:attachment":[{"href":"https:\/\/linitiative.ca\/International\/wp-json\/wp\/v2\/media?parent=127974"}],"wp:term":[{"taxonomy":"category","embeddable":true,"href":"https:\/\/linitiative.ca\/International\/wp-json\/wp\/v2\/categories?post=127974"},{"taxonomy":"post_tag","embeddable":true,"href":"https:\/\/linitiative.ca\/International\/wp-json\/wp\/v2\/tags?post=127974"}],"curies":[{"name":"wp","href":"https:\/\/api.w.org\/{rel}","templated":true}]}}