{"id":127976,"date":"2021-09-23T13:18:02","date_gmt":"2021-09-23T17:18:02","guid":{"rendered":"https:\/\/linitiative.ca\/International\/covid-19-lafrique-a-besoin-de-sept-fois-plus-dexpeditions-de-vaccins-oms\/"},"modified":"2021-09-23T13:18:02","modified_gmt":"2021-09-23T17:18:02","slug":"covid-19-lafrique-a-besoin-de-sept-fois-plus-dexpeditions-de-vaccins-oms","status":"publish","type":"post","link":"https:\/\/linitiative.ca\/International\/covid-19-lafrique-a-besoin-de-sept-fois-plus-dexpeditions-de-vaccins-oms\/","title":{"rendered":"Covid-19 : l\u2019Afrique a besoin de sept fois plus d\u2019exp\u00e9ditions de vaccins (OMS)"},"content":{"rendered":"<div>\n<p><img loading=\"lazy\" decoding=\"async\" width=\"318\" height=\"159\" src=\"https:\/\/linitiative.ca\/International\/wp-content\/uploads\/sites\/23\/2021\/09\/16324174824410.jpg\" class=\"attachment-post-thumbnail size-post-thumbnail wp-post-image\" alt=\"\" srcset=\"https:\/\/linitiative.ca\/International\/wp-content\/uploads\/sites\/23\/2021\/09\/16324174824410.jpg 318w, https:\/\/www.journalducameroun.com\/wp-content\/uploads\/2021\/09\/16324174824410-300x150.jpg 300w\" sizes=\"auto, (max-width: 318px) 100vw, 318px\"><\/p>\n<p>L&rsquo;acheminement de vaccins anti-Covid-19 vers l&rsquo;Afrique doit passer de 20 millions de doses par mois \u00e0 150 millions de doses en moyenne sur la m\u00eame p\u00e9riode pour que le continent puisse vacciner 70 % de sa population d&rsquo;ici septembre 2022, souligne l&rsquo;OMS.L&rsquo;Afrique pourra-t-elle atteindre l&rsquo;objectif de vacciner 70% de sa population ? Pour l&rsquo;Organisation mondiale de la sant\u00e9 (OMS), cela est bien possible. Mais \u00e0 condition que les exp\u00e9ditions actuelles de vaccins contre la pand\u00e9mie vers le continent noir soient multipli\u00e9e par sept.<\/p>\n<p>C&rsquo;est pourquoi, la Directrice r\u00e9gionale de l&rsquo;OMS pour l&rsquo;Afrique, Dr Matshidiso Moeti, a d\u00e9clar\u00e9, jeudi, lors d&rsquo;une conf\u00e9rence de presse virtuelle, que les promesses de dons du liquide pr\u00e9cieux doivent \u00eatre livr\u00e9es \u00ab sans perte de temps.\u00bb<\/p>\n<p>\u00ab Les actes en disent plus que les paroles et les pays africains ont besoin de dates de livraisons claires pour pouvoir planifier correctement. Nous avons aussi besoin de structures robustes pour nous assurer que toutes les promesses formul\u00e9es sont tenues \u00bb, a martel\u00e9 Dr Moeti.<\/p>\n<p>Si la responsable onusienne insiste sur la n\u00e9cessit\u00e9 d&rsquo;acc\u00e9l\u00e9rer les livraisons, c&rsquo;est parce que \u00ab seul un tiers des vaccins que les pays riches ont promis de partager avec l&rsquo;Afrique d&rsquo;ici la fin de 2021 a \u00e9t\u00e9 re\u00e7u. \u00bb<\/p>\n<p>Par ailleurs, souligne l&rsquo;organisme onusien en charge de la sant\u00e9, le M\u00e9canisme Covax, une plateforme mondiale con\u00e7ue pour offrir un acc\u00e8s \u00e9quitable aux vaccins contre la Covid-19, a \u00e9t\u00e9 contrainte de r\u00e9duire de 25 % ses livraisons \u00e0 l&rsquo;Afrique pr\u00e9vues pour cette ann\u00e9e. Cela est d\u00fb aux p\u00e9nuries d&rsquo;approvisionnement et d&rsquo;interdiction d&rsquo;exportations.<\/p>\n<p>En outre, l&rsquo;OMS s&rsquo;inqui\u00e8te d&rsquo;un regain de la pand\u00e9mie avec les voyages et les c\u00e9l\u00e9brations de fin d&rsquo;ann\u00e9e qui approchent \u00e0 grand pas. Et sans une vaccination \u00e0 grande \u00e9chelle et d&rsquo;autres mesures de pr\u00e9vention, pr\u00e9vient-elle, \u00ab la quatri\u00e8me vague sur le continent risque d&rsquo;\u00eatre la plus brutale de toutes jusqu&rsquo;\u00e0 pr\u00e9sent. \u00bb<\/p>\n<p>A cela s&rsquo;ajoute, selon l&rsquo;Organisation mondiale de la sant\u00e9, le fait que plus le d\u00e9ploiement des vaccins est retard\u00e9, plus le risque est grand que des d\u00e9fis suppl\u00e9mentaires \u00e9mergent, tels que les variants, la r\u00e9ticence \u00e0 la vaccination, des lacunes op\u00e9rationnelles et d&rsquo;autres menaces.<\/p>\n<p>Alors que la troisi\u00e8me vague de COVID-19 en Afrique continue de refluer, 108 000 nouveaux cas ont \u00e9t\u00e9 signal\u00e9s et plus de 3000 vies ont \u00e9t\u00e9 perdues en une semaine \u00e0 la date du 19 septembre. Il y a d\u00e9sormais pr\u00e8s de 8,2 millions de cas de COVID-19 enregistr\u00e9s sur le continent. Le variant Delta a \u00e9t\u00e9 identifi\u00e9 dans 38 pays africains. Le variant Alpha a \u00e9t\u00e9 d\u00e9tect\u00e9 dans 45 pays et le b\u00eata dans 40.<\/p>\n<p>Cet article <a rel=\"nofollow\" href=\"https:\/\/www.journalducameroun.com\/covid-19-lafrique-a-besoin-de-sept-fois-plus-dexpeditions-de-vaccins-oms\/\">Covid-19 : l\u2019Afrique a besoin de sept fois plus d\u2019exp\u00e9ditions de vaccins (OMS)<\/a> est apparu en premier sur <a rel=\"nofollow\" href=\"https:\/\/www.journalducameroun.com\/\">Journal du Cameroun<\/a>.<\/p>\n<\/div>\n<p>Auteur: APA News<br \/>\n<a href=\"https:\/\/www.journalducameroun.com\/covid-19-lafrique-a-besoin-de-sept-fois-plus-dexpeditions-de-vaccins-oms\/\">Cliquez ici pour lire l&rsquo;article depuis sa source.<\/a><\/p>\n","protected":false},"excerpt":{"rendered":"<p>L&rsquo;acheminement de vaccins anti-Covid-19 vers l&rsquo;Afrique doit passer de 20 millions de doses par mois \u00e0 150 millions de doses en moyenne sur la m\u00eame p\u00e9riode pour que le continent puisse vacciner 70 % de sa population d&rsquo;ici septembre 2022, souligne l&rsquo;OMS.L&rsquo;Afrique pourra-t-elle atteindre l&rsquo;objectif de vacciner 70% de sa population ? Pour l&rsquo;Organisation mondiale [&hellip;]<\/p>\n","protected":false},"author":1965,"featured_media":0,"comment_status":"closed","ping_status":"closed","sticky":false,"template":"","format":"standard","meta":{"fifu_image_url":"https:\/\/www.journalducameroun.com\/wp-content\/uploads\/2021\/09\/16324174824410.jpg","fifu_image_alt":"Covid-19 : l\u2019Afrique a besoin de sept fois plus d\u2019exp\u00e9ditions de vaccins (OMS)","footnotes":""},"categories":[73,82],"tags":[],"class_list":["post-127976","post","type-post","status-publish","format-standard","hentry","category-actualite","category-cameroun"],"_links":{"self":[{"href":"https:\/\/linitiative.ca\/International\/wp-json\/wp\/v2\/posts\/127976","targetHints":{"allow":["GET"]}}],"collection":[{"href":"https:\/\/linitiative.ca\/International\/wp-json\/wp\/v2\/posts"}],"about":[{"href":"https:\/\/linitiative.ca\/International\/wp-json\/wp\/v2\/types\/post"}],"author":[{"embeddable":true,"href":"https:\/\/linitiative.ca\/International\/wp-json\/wp\/v2\/users\/1965"}],"replies":[{"embeddable":true,"href":"https:\/\/linitiative.ca\/International\/wp-json\/wp\/v2\/comments?post=127976"}],"version-history":[{"count":0,"href":"https:\/\/linitiative.ca\/International\/wp-json\/wp\/v2\/posts\/127976\/revisions"}],"wp:attachment":[{"href":"https:\/\/linitiative.ca\/International\/wp-json\/wp\/v2\/media?parent=127976"}],"wp:term":[{"taxonomy":"category","embeddable":true,"href":"https:\/\/linitiative.ca\/International\/wp-json\/wp\/v2\/categories?post=127976"},{"taxonomy":"post_tag","embeddable":true,"href":"https:\/\/linitiative.ca\/International\/wp-json\/wp\/v2\/tags?post=127976"}],"curies":[{"name":"wp","href":"https:\/\/api.w.org\/{rel}","templated":true}]}}