{"id":127978,"date":"2021-09-23T13:18:02","date_gmt":"2021-09-23T17:18:02","guid":{"rendered":"https:\/\/linitiative.ca\/International\/lobservatoire-du-service-public-presente-a-la-societe-civile-ivoirienne\/"},"modified":"2021-09-23T13:18:02","modified_gmt":"2021-09-23T17:18:02","slug":"lobservatoire-du-service-public-presente-a-la-societe-civile-ivoirienne","status":"publish","type":"post","link":"https:\/\/linitiative.ca\/International\/lobservatoire-du-service-public-presente-a-la-societe-civile-ivoirienne\/","title":{"rendered":"L\u2019Observatoire du service public pr\u00e9sent\u00e9 \u00e0 la soci\u00e9t\u00e9 civile ivoirienne"},"content":{"rendered":"<div>\n<p><img loading=\"lazy\" decoding=\"async\" width=\"1080\" height=\"719\" src=\"https:\/\/linitiative.ca\/International\/wp-content\/uploads\/sites\/23\/2021\/09\/16324174828861.jpg\" class=\"attachment-post-thumbnail size-post-thumbnail wp-post-image\" alt=\"\" srcset=\"https:\/\/linitiative.ca\/International\/wp-content\/uploads\/sites\/23\/2021\/09\/16324174828861.jpg 1080w, https:\/\/www.journalducameroun.com\/wp-content\/uploads\/2021\/09\/16324174828861-300x200.jpg 300w, https:\/\/www.journalducameroun.com\/wp-content\/uploads\/2021\/09\/16324174828861-768x511.jpg 768w, https:\/\/www.journalducameroun.com\/wp-content\/uploads\/2021\/09\/16324174828861-1024x682.jpg 1024w, https:\/\/www.journalducameroun.com\/wp-content\/uploads\/2021\/09\/16324174828861-661x440.jpg 661w, https:\/\/www.journalducameroun.com\/wp-content\/uploads\/2021\/09\/16324174828861-600x399.jpg 600w\" sizes=\"auto, (max-width: 1080px) 100vw, 1080px\"><\/p>\n<p>L&rsquo;Observatoire du service public (OSEP) a \u00e9t\u00e9 pr\u00e9sent\u00e9, jeudi, \u00e0 la soci\u00e9t\u00e9 civile ivoirienne dans le cadre d&rsquo;une campagne de  promotion et de sensibilisation aupr\u00e8s des usagers de l&rsquo;administration.<\/p>\n<p>A l&rsquo;ouverture de cette rencontre, Dr No\u00ebl Tahet, directeur de cabinet repr\u00e9sentant le secr\u00e9taire d&rsquo;Etat, charg\u00e9 de la Modernisation de l&rsquo;administration, Dr Brice Kouassi, a salu\u00e9 les efforts de l&rsquo;OSEP, demandant dans la foul\u00e9e aux organisations de la soci\u00e9t\u00e9 civile d&rsquo;\u00eatre le relais de l&rsquo;Etat aupr\u00e8s des usagers.<\/p>\n<p>\u00a0\u00abCette c\u00e9r\u00e9monie est organis\u00e9e pour rapprocher les populations de l&rsquo;OSEP selon la volont\u00e9 du pr\u00e9sident de la R\u00e9publique. Soyez les relais efficaces pour mieux atteindre les populations \u00bb, a-t-il lanc\u00e9.<\/p>\n<p>Pour sa part, la Secr\u00e9taire permanente de l&rsquo;OSEP, Mme Roxane Kouadio, \u00a0a pr\u00e9sent\u00e9 les \u00a0composantes, missions, attributions et moyens de saisines de cette structure.<\/p>\n<p>\u00a0\u00ab Cette c\u00e9r\u00e9monie de pr\u00e9sentation de l&rsquo;OSEP \u00e0 la soci\u00e9t\u00e9 civile est le point de d\u00e9part de la vulgarisation de l&rsquo;Observatoire aupr\u00e8s des populations. Nous comptons sur chacun de vous pour \u00eatre nos points focaux aupr\u00e8s des usagers \u00bb, a d\u00e9clar\u00e9 Mme Kouadio.<\/p>\n<p>\u00ab Je peux aussi affirmer que ce n&rsquo;est que le d\u00e9but d&rsquo;un processus d&rsquo;expansion de \u00a0l&rsquo;OSEP \u00a0sur toute l&rsquo;\u00e9tendue du territoire nationale. J&rsquo;en appelle \u00e0 votre sens de la responsabilit\u00e9 et \u00e0 \u00a0votre engagement \u00a0citoyen pour atteindre nos missions et objectifs \u00bb a-t-elle ajout\u00e9, annon\u00e7ant une tourn\u00e9e de promotion de sa structure dans la ville d&rsquo;Abengourou (Est) et dans d&rsquo;autres villes de l&rsquo;int\u00e9rieur du pays.<\/p>\n<p>L&rsquo;OSEP, structure sous tutelle du Secr\u00e9tariat d&rsquo;\u00c9tat aupr\u00e8s du minist\u00e8re la Fonction publique et de la modernisation de l&rsquo;administration, charg\u00e9 de la Modernisation de l&rsquo;administration (SE-MFPMA), est un organe d&rsquo;\u00e9coute qui recueille et traite les pr\u00e9occupations des usagers de l&rsquo;administration publique ivoirienne.<\/p>\n<p>Des canaux de saisine sont mis gratuitement \u00e0 la disposition des populations pour interagir avec les services publics. Il s&rsquo;agit notamment du centre d&rsquo;appel (800 000 07 \/ 27 22 40 98 98) et des r\u00e9seaux sociaux.<\/p>\n<p>Cet article <a rel=\"nofollow\" href=\"https:\/\/www.journalducameroun.com\/lobservatoire-du-service-public-presente-a-la-societe-civile-ivoirienne\/\">L\u2019Observatoire du service public pr\u00e9sent\u00e9 \u00e0 la soci\u00e9t\u00e9 civile ivoirienne<\/a> est apparu en premier sur <a rel=\"nofollow\" href=\"https:\/\/www.journalducameroun.com\/\">Journal du Cameroun<\/a>.<\/p>\n<\/div>\n<p>Auteur: APA News<br \/>\n<a href=\"https:\/\/www.journalducameroun.com\/lobservatoire-du-service-public-presente-a-la-societe-civile-ivoirienne\/\">Cliquez ici pour lire l&rsquo;article depuis sa source.<\/a><\/p>\n","protected":false},"excerpt":{"rendered":"<p>L&rsquo;Observatoire du service public (OSEP) a \u00e9t\u00e9 pr\u00e9sent\u00e9, jeudi, \u00e0 la soci\u00e9t\u00e9 civile ivoirienne dans le cadre d&rsquo;une campagne de promotion et de sensibilisation aupr\u00e8s des usagers de l&rsquo;administration. A l&rsquo;ouverture de cette rencontre, Dr No\u00ebl Tahet, directeur de cabinet repr\u00e9sentant le secr\u00e9taire d&rsquo;Etat, charg\u00e9 de la Modernisation de l&rsquo;administration, Dr Brice Kouassi, a salu\u00e9 [&hellip;]<\/p>\n","protected":false},"author":1965,"featured_media":0,"comment_status":"closed","ping_status":"closed","sticky":false,"template":"","format":"standard","meta":{"fifu_image_url":"https:\/\/www.journalducameroun.com\/wp-content\/uploads\/2021\/09\/16324174828861.jpg","fifu_image_alt":"L\u2019Observatoire du service public pr\u00e9sent\u00e9 \u00e0 la soci\u00e9t\u00e9 civile ivoirienne","footnotes":""},"categories":[73,82],"tags":[],"class_list":["post-127978","post","type-post","status-publish","format-standard","hentry","category-actualite","category-cameroun"],"_links":{"self":[{"href":"https:\/\/linitiative.ca\/International\/wp-json\/wp\/v2\/posts\/127978","targetHints":{"allow":["GET"]}}],"collection":[{"href":"https:\/\/linitiative.ca\/International\/wp-json\/wp\/v2\/posts"}],"about":[{"href":"https:\/\/linitiative.ca\/International\/wp-json\/wp\/v2\/types\/post"}],"author":[{"embeddable":true,"href":"https:\/\/linitiative.ca\/International\/wp-json\/wp\/v2\/users\/1965"}],"replies":[{"embeddable":true,"href":"https:\/\/linitiative.ca\/International\/wp-json\/wp\/v2\/comments?post=127978"}],"version-history":[{"count":0,"href":"https:\/\/linitiative.ca\/International\/wp-json\/wp\/v2\/posts\/127978\/revisions"}],"wp:attachment":[{"href":"https:\/\/linitiative.ca\/International\/wp-json\/wp\/v2\/media?parent=127978"}],"wp:term":[{"taxonomy":"category","embeddable":true,"href":"https:\/\/linitiative.ca\/International\/wp-json\/wp\/v2\/categories?post=127978"},{"taxonomy":"post_tag","embeddable":true,"href":"https:\/\/linitiative.ca\/International\/wp-json\/wp\/v2\/tags?post=127978"}],"curies":[{"name":"wp","href":"https:\/\/api.w.org\/{rel}","templated":true}]}}