{"id":127982,"date":"2021-09-23T15:26:15","date_gmt":"2021-09-23T19:26:15","guid":{"rendered":"https:\/\/linitiative.ca\/International\/cameroun-le-matgenie-se-meurt-le-gouvernement-accuse\/"},"modified":"2021-09-23T15:26:15","modified_gmt":"2021-09-23T19:26:15","slug":"cameroun-le-matgenie-se-meurt-le-gouvernement-accuse","status":"publish","type":"post","link":"https:\/\/linitiative.ca\/International\/cameroun-le-matgenie-se-meurt-le-gouvernement-accuse\/","title":{"rendered":"Cameroun : le Matg\u00e9nie se meurt, le gouvernement accus\u00e9"},"content":{"rendered":"<div>\n<p><img loading=\"lazy\" decoding=\"async\" width=\"960\" height=\"637\" src=\"https:\/\/linitiative.ca\/International\/wp-content\/uploads\/sites\/23\/2021\/09\/Mintp.jpg\" class=\"attachment-post-thumbnail size-post-thumbnail wp-post-image\" alt=\"\" srcset=\"https:\/\/linitiative.ca\/International\/wp-content\/uploads\/sites\/23\/2021\/09\/Mintp.jpg 960w, https:\/\/www.journalducameroun.com\/wp-content\/uploads\/2019\/08\/Mintp-300x199.jpg 300w, https:\/\/www.journalducameroun.com\/wp-content\/uploads\/2019\/08\/Mintp-768x510.jpg 768w, https:\/\/www.journalducameroun.com\/wp-content\/uploads\/2019\/08\/Mintp-663x440.jpg 663w, https:\/\/www.journalducameroun.com\/wp-content\/uploads\/2019\/08\/Mintp-600x398.jpg 600w\" sizes=\"auto, (max-width: 960px) 100vw, 960px\"><\/p>\n<p style=\"text-align: justify;\"><strong>La s\u00e9rie de gr\u00e8ves du personnel observ\u00e9e ces jours au <\/strong>Parc national de g\u00e9nie civil (Matgenie), serait du fait des prestations ex\u00e9cut\u00e9es mais non pay\u00e9es par l\u2019Etat.<\/p>\n<p>\u00a0<\/p>\n<p>\u00a0<\/p>\n<p>\u00a0<\/p>\n<p style=\"text-align: justify;\">Sit-in devant le si\u00e8ge de l\u2019entreprise, \u00a0messages de revendication sur des pancartes, \u00a0le personnel du Parc national de g\u00e9nie civil a exprim\u00e9 son ras-le-bol le 22 septembre 2021 \u00e0 Yaound\u00e9. \u00a0Il revendique 13 mois de salaires impay\u00e9s.<\/p>\n<p style=\"text-align: justify;\">Chez nos confr\u00e8res d\u2019Ecomatin,\u00a0la Direction g\u00e9n\u00e9rale du <strong>Matgenie<\/strong> explique que le malaise de l\u2019entreprise est caus\u00e9 par \u00a0le retard de paiement de ses prestations par l\u2019Etat et d\u2019autres institutions\u00a0et l\u2019in\u00e9ligibilit\u00e9 du Matg\u00e9nie aux subventions publiques.\u00a0 Depuis son d\u00e9classement parmi les \u00e9tablissements publics administratifs.<\/p>\n<p style=\"text-align: justify;\">Le 1<sup>er<\/sup>\u00a0septembre dernier, le ministre des Travaux publics, \u00a0<strong>Emmanuel Nganou Djoumesssi<\/strong> a invit\u00e9 le directeur du Matg\u00e9nie \u00e0 dresser l\u2019\u00e9tat de la dette de son d\u00e9partement minist\u00e9riel correspondant aux prestations ex\u00e9cut\u00e9es. Le montant retenu par l\u2019entreprise et communiqu\u00e9 par voie de correspondance dat\u00e9e du 7 septembre dernier s\u2019\u00e9l\u00e8ve \u00e0 906,554 millions FCFA. Un paiement toujours pas effectu\u00e9.<\/p>\n<p style=\"text-align: justify;\">Outre les arri\u00e9r\u00e9s de salaires, les employ\u00e9s \u00a0dressent un chapelet de revendications. A savoir\u00a0: \u00a0le non reversement des cotisations sociales, le non remboursement des retenues salariales au titre de frais de cotisation pour la mutuelle, le non-paiement des droits du personnel admis \u00e0 faire valoir ses droits \u00e0 la retraite, le non-paiement des rappels d\u2019avance, les rapports tendus entre le Directeur g\u00e9n\u00e9ral et le pr\u00e9sident du Conseil d\u2019administration qui cr\u00e9ent un climat d\u00e9l\u00e9t\u00e8re dans l\u2019entreprise. Le personnel est aux abois et ne sait plus \u00e0 quel saint se vouer en cette p\u00e9riode de rentr\u00e9e scolaire.<\/p>\n<p>Cet article <a rel=\"nofollow\" href=\"https:\/\/www.journalducameroun.com\/cameroun-le-matgenie-se-meurt-le-gouvernement-accuse-cameroun\/\">Cameroun : le Matg\u00e9nie se meurt, le gouvernement accus\u00e9<\/a> est apparu en premier sur <a rel=\"nofollow\" href=\"https:\/\/www.journalducameroun.com\/\">Journal du Cameroun<\/a>.<\/p>\n<\/div>\n<p>Auteur: Christian DJIMADEU<br \/>\n<a href=\"https:\/\/www.journalducameroun.com\/cameroun-le-matgenie-se-meurt-le-gouvernement-accuse-cameroun\/\">Cliquez ici pour lire l&rsquo;article depuis sa source.<\/a><\/p>\n","protected":false},"excerpt":{"rendered":"<p>La s\u00e9rie de gr\u00e8ves du personnel observ\u00e9e ces jours au Parc national de g\u00e9nie civil (Matgenie), serait du fait des prestations ex\u00e9cut\u00e9es mais non pay\u00e9es par l\u2019Etat. \u00a0 \u00a0 \u00a0 Sit-in devant le si\u00e8ge de l\u2019entreprise, \u00a0messages de revendication sur des pancartes, \u00a0le personnel du Parc national de g\u00e9nie civil a exprim\u00e9 son ras-le-bol le [&hellip;]<\/p>\n","protected":false},"author":1965,"featured_media":0,"comment_status":"closed","ping_status":"closed","sticky":false,"template":"","format":"standard","meta":{"fifu_image_url":"https:\/\/www.journalducameroun.com\/wp-content\/uploads\/2019\/08\/Mintp.jpg","fifu_image_alt":"Cameroun : le Matg\u00e9nie se meurt, le gouvernement accus\u00e9","footnotes":""},"categories":[73,82],"tags":[],"class_list":["post-127982","post","type-post","status-publish","format-standard","hentry","category-actualite","category-cameroun"],"_links":{"self":[{"href":"https:\/\/linitiative.ca\/International\/wp-json\/wp\/v2\/posts\/127982","targetHints":{"allow":["GET"]}}],"collection":[{"href":"https:\/\/linitiative.ca\/International\/wp-json\/wp\/v2\/posts"}],"about":[{"href":"https:\/\/linitiative.ca\/International\/wp-json\/wp\/v2\/types\/post"}],"author":[{"embeddable":true,"href":"https:\/\/linitiative.ca\/International\/wp-json\/wp\/v2\/users\/1965"}],"replies":[{"embeddable":true,"href":"https:\/\/linitiative.ca\/International\/wp-json\/wp\/v2\/comments?post=127982"}],"version-history":[{"count":0,"href":"https:\/\/linitiative.ca\/International\/wp-json\/wp\/v2\/posts\/127982\/revisions"}],"wp:attachment":[{"href":"https:\/\/linitiative.ca\/International\/wp-json\/wp\/v2\/media?parent=127982"}],"wp:term":[{"taxonomy":"category","embeddable":true,"href":"https:\/\/linitiative.ca\/International\/wp-json\/wp\/v2\/categories?post=127982"},{"taxonomy":"post_tag","embeddable":true,"href":"https:\/\/linitiative.ca\/International\/wp-json\/wp\/v2\/tags?post=127982"}],"curies":[{"name":"wp","href":"https:\/\/api.w.org\/{rel}","templated":true}]}}