{"id":127986,"date":"2021-09-23T10:09:46","date_gmt":"2021-09-23T14:09:46","guid":{"rendered":"https:\/\/linitiative.ca\/International\/le-coordonnateur-resident-des-nations-unies-en-visite-au-gicam-et-au-pad\/"},"modified":"2021-09-23T10:09:46","modified_gmt":"2021-09-23T14:09:46","slug":"le-coordonnateur-resident-des-nations-unies-en-visite-au-gicam-et-au-pad","status":"publish","type":"post","link":"https:\/\/linitiative.ca\/International\/le-coordonnateur-resident-des-nations-unies-en-visite-au-gicam-et-au-pad\/","title":{"rendered":"Le Coordonnateur r\u00e9sident des Nations Unies en visite au Gicam et au PAD"},"content":{"rendered":"<div>\n<p>C\u2019est par le Groupement interpatronal du Cameroun (Gicam) que le Coordonnateur r\u00e9sident du syst\u00e8me des Nations Unies au Cameroun a entam\u00e9 sa visite de travail dans la capitale \u00e9conomique du Cameroun Douala. Les actions \u00e0 mener conjointement par le syst\u00e8me des Nations Unies et le patronat ont \u00e9t\u00e9 au centre des discussions entre les deux d\u00e9l\u00e9gations. Celle du Gicam conduite par le pr\u00e9sident C\u00e9lestin Tawamba, la Directrice ex\u00e9cutive Aline Val\u00e9rie Mbono et porte-parole du pr\u00e9sident, Me. Jacques Jonathan Nyemb. \u00abOn n\u2019insistera jamais assez sur le r\u00f4le du secteur priv\u00e9 dans la r\u00e9alisation des Objectifs de d\u00e9veloppement durable\u00a0 (ODD). Les Nations Unies et les gouvernements n\u2019ont ni la port\u00e9e, ni les ressources pour mettre en \u0153uvre l\u2019Agenda 2030 seuls. Un secteur priv\u00e9 fort et engag\u00e9 est indispensable pour mettre fin \u00e0 l\u2019extr\u00eame pauvret\u00e9 et stimuler la prosp\u00e9rit\u00e9\u00bb, s\u2019est exprim\u00e9 diplomate ghan\u00e9en Matthias Naab.<\/p>\n<p><strong>Lire aussi<\/strong> : <strong><a href=\"https:\/\/ecomatin.net\/cameroun-onu-un-nouveau-plan-cadre-de-cooperation-voit-le-jour2\/\">Cameroun-ONU : un nouveau plan-cadre de coop\u00e9ration voit le jour<\/a><\/strong><\/p>\n<p>Adopt\u00e9s en 2015, \u00ab\u00a0les 17 ODD ont pour objectif d\u2019\u00e9liminer la pauvret\u00e9, prot\u00e9ger et am\u00e9liorer le quotidien de toutes les personnes partout dans le monde, tout en leur ouvrant des perspectives\u00a0\u00bb, mentionne le communiqu\u00e9 de presse de publi\u00e9 \u00e0 cet effet par le Bureau des Nations Unies au Cameroun. Au Gicam, plusieurs outils et d\u00e9cisions ont \u00e9t\u00e9 \u00e9labor\u00e9s pour int\u00e9grer les dispositions des ODD dans les projets et objectifs du groupement patronal. Ces actions ont port\u00e9 sur\u00a0la formation du personnel du Gicam \u00e0 Turin (Italie) dans le cadre du partenariat avec le BIT sur les ODD,\u00a0la publication d\u2019un Livre Blanc de l\u2019\u00e9conomie camerounaise, les propositions sur la r\u00e9vision du Code de travail, un lobbying sur le travail d\u00e9cent, l\u2019ouverture de centres d\u2019incubation et de d\u00e9veloppement des petites et moyennes entreprises, la redynamisation de l\u2019entrepreneuriat f\u00e9minin, la promotion du leadership de genre, etc.<\/p>\n<p><strong>Plan-cadre 2022-2026<\/strong><\/p>\n<p>On apprendra \u00e9galement de C\u00e9lestin Tawamba, la pr\u00e9paration d\u2019un Code de bonne gouvernance des entreprises. \u00abCette initiative de l\u2019ONU visant \u00e0 renforcer son engagement avec le secteur priv\u00e9 pour la r\u00e9alisation de l\u2019Agenda 2030 et des ODD au Cameroun, commence avec le Gicam en raison de l\u2019importance de la ville en tant que principal centre \u00e9conomique et commercial du Cameroun et de la pr\u00e9dominance du Gicam dans le secteur priv\u00e9\u00bb, ajoute\u00a0Matthias Naab.\u00a0<\/p>\n<p><strong>Lire aussi<\/strong> : <strong><a href=\"https:\/\/ecomatin.net\/lonu-prevoit-6396-milliards-de-f-pour-lamelioration-des-conditionss-de-vie-des-femmes\/\">L\u2019ONU pr\u00e9voit 6,396 milliards de F pour l\u2019am\u00e9lioration des conditions de vie des femmes<\/a><\/strong><\/p>\n<p>Apr\u00e8s des discussions sur l\u2019entreprenariat jeunes, l\u2019emploi, et le dialogue secteur public secteur priv\u00e9, le Gicam a sollicit\u00e9 de la d\u00e9l\u00e9gation Onusienne l\u2019\u00e9laboration d\u2019une feuille de route commune. La visite de Matthias Naab \u00e0 Douala intervient au lendemain de la signature du\u00a0<strong><a href=\"https:\/\/ecomatin.net\/cameroun-onu-un-nouveau-plan-cadre-de-cooperation-voit-le-jour2\/\">Plan-cadre de coop\u00e9ration 2022-2026 entre l\u2019ONU et l\u2019Etat du Cameroun<\/a><\/strong>. Plan-cadre qui implique le secteur priv\u00e9, les universit\u00e9s, les partenaires bilat\u00e9raux, le parlement et la soci\u00e9t\u00e9 civile.\u00a0<\/p>\n<p>Matthias Naab a poursuivi sa tourn\u00e9e \u00e0 Douala \u00e0 la SFI, filiale de la Banque mondiale d\u00e9di\u00e9e au financement du secteur priv\u00e9. Ici, l\u2019on a explor\u00e9 les voies et moyens pour accompagner le Cameroun dans les projets d\u2019infrastructures concernant les secteurs des t\u00e9l\u00e9communications, l\u2019eau et l\u2019\u00e9nergie, le transport et la logistique et la reconstruction des R\u00e9gions du Nord-ouest et du Sud-Ouest. Le\u00a0Coordonnateur r\u00e9sident du syst\u00e8me des Nations Unies au Cameroun a boucl\u00e9 sa visite de travail au Port de Douala. Avec le DG Cyrus Ngo\u2019o, Matthias Naab a jet\u00e9 les bases d\u2019un partenariat dans des domaines particuliers. Avant de quitter la capitale \u00e9conomique, Matthias Naab a eu une s\u00e9ance de travail avec l\u2019Institut panafricain pour le d\u00e9veloppement ainsi qu\u2019avec les responsables des agences du syst\u00e8me des Nations Unies \u00e0 Douala.<\/p>\n<p><strong>Lire aussi <\/strong>: <strong><a href=\"https:\/\/ecomatin.net\/le-cameroun-et-la-commission-des-etats-unis-pour-lafrique-passent-en-revue-leur-cooperation\/\">Cameroun et la Commission des Nations unies passent en revue leur coop\u00e9ration<\/a><\/strong><\/p>\n<p>L\u2019article <a rel=\"nofollow\" href=\"https:\/\/ecomatin.net\/le-coordonnateur-resident-des-nations-s-unies-en-visite-au-gicam-et-au-pad\/\">Le Coordonnateur r\u00e9sident des Nations Unies en visite au Gicam et au PAD<\/a> est apparu en premier sur <a rel=\"nofollow\" href=\"https:\/\/ecomatin.net\/\">EcoMatin<\/a>.<\/p>\n<\/div>\n<p>Auteur: Georges Semey<br \/>\n<a href=\"https:\/\/ecomatin.net\/le-coordonnateur-resident-des-nations-s-unies-en-visite-au-gicam-et-au-pad\/\">Cliquez ici pour lire l&rsquo;article depuis sa source.<\/a><\/p>\n","protected":false},"excerpt":{"rendered":"<p>C\u2019est par le Groupement interpatronal du Cameroun (Gicam) que le Coordonnateur r\u00e9sident du syst\u00e8me des Nations Unies au Cameroun a entam\u00e9 sa visite de travail dans la capitale \u00e9conomique du Cameroun Douala. Les actions \u00e0 mener conjointement par le syst\u00e8me des Nations Unies et le patronat ont \u00e9t\u00e9 au centre des discussions entre les deux [&hellip;]<\/p>\n","protected":false},"author":1969,"featured_media":0,"comment_status":"closed","ping_status":"closed","sticky":false,"template":"","format":"standard","meta":{"fifu_image_url":"","fifu_image_alt":"","footnotes":""},"categories":[82,78],"tags":[],"class_list":["post-127986","post","type-post","status-publish","format-standard","hentry","category-cameroun","category-economie"],"_links":{"self":[{"href":"https:\/\/linitiative.ca\/International\/wp-json\/wp\/v2\/posts\/127986","targetHints":{"allow":["GET"]}}],"collection":[{"href":"https:\/\/linitiative.ca\/International\/wp-json\/wp\/v2\/posts"}],"about":[{"href":"https:\/\/linitiative.ca\/International\/wp-json\/wp\/v2\/types\/post"}],"author":[{"embeddable":true,"href":"https:\/\/linitiative.ca\/International\/wp-json\/wp\/v2\/users\/1969"}],"replies":[{"embeddable":true,"href":"https:\/\/linitiative.ca\/International\/wp-json\/wp\/v2\/comments?post=127986"}],"version-history":[{"count":0,"href":"https:\/\/linitiative.ca\/International\/wp-json\/wp\/v2\/posts\/127986\/revisions"}],"wp:attachment":[{"href":"https:\/\/linitiative.ca\/International\/wp-json\/wp\/v2\/media?parent=127986"}],"wp:term":[{"taxonomy":"category","embeddable":true,"href":"https:\/\/linitiative.ca\/International\/wp-json\/wp\/v2\/categories?post=127986"},{"taxonomy":"post_tag","embeddable":true,"href":"https:\/\/linitiative.ca\/International\/wp-json\/wp\/v2\/tags?post=127986"}],"curies":[{"name":"wp","href":"https:\/\/api.w.org\/{rel}","templated":true}]}}