{"id":127987,"date":"2021-09-23T10:24:23","date_gmt":"2021-09-23T14:24:23","guid":{"rendered":"https:\/\/linitiative.ca\/International\/lagence-universitaire-de-la-francophonie-devoile-sa-strategie-quadriennale\/"},"modified":"2021-09-23T10:24:23","modified_gmt":"2021-09-23T14:24:23","slug":"lagence-universitaire-de-la-francophonie-devoile-sa-strategie-quadriennale","status":"publish","type":"post","link":"https:\/\/linitiative.ca\/International\/lagence-universitaire-de-la-francophonie-devoile-sa-strategie-quadriennale\/","title":{"rendered":"L\u2019Agence universitaire de la Francophonie d\u00e9voile sa strat\u00e9gie quadriennale"},"content":{"rendered":"<div>\n<p>Du 21 au 24 septembre 2021, se tient le regroupement r\u00e9gional des chefs d\u2019institutions membres de l\u2019Agence Universitaire de la Francophonie (AUF) Afrique centrale et Grands Lacs, dans l\u2019enceinte de l\u2019Ecole Nationale Sup\u00e9rieure Polytechnique de l\u2019Universit\u00e9 de Yaound\u00e9 I. La rencontre s\u2019inscrit ainsi dans le cadre de la premi\u00e8re \u00e9dition de la semaine de la francophonie scientifique qui comporte\u00a0: la 18\u00e8me assembl\u00e9e g\u00e9n\u00e9rale de l\u2019AUF, les premi\u00e8res assises de la francophonie scientifique, la pr\u00e9sentation du livre blanc de la francophonie scientifique et la c\u00e9l\u00e9bration du 60\u00e8me anniversaire de l\u2019AUF entre autres.<\/p>\n<p><strong>Lire aussi <\/strong>: <strong><a href=\"https:\/\/ecomatin.net\/lutte-contre-la-covid-19-lauf-met-a-disposition-655-millions-de-f-destines-aux-jeunes-chercheurs-de-projets\/\">Lutte contre la Covid-19 : l\u2019AUF met \u00e0 disposition 655 millions de F destin\u00e9s aux jeunes chercheurs de projets<\/a><\/strong><\/p>\n<p>\u00a0En raison de la pand\u00e9mie, la 18\u00e8me Assembl\u00e9e g\u00e9n\u00e9rale de l\u2019AUF se tient sous format hybride (en pr\u00e9sentiel et en ligne). Ce rendez-vous quadriennal, important pour la gouvernance de l\u2019AUF, avait \u00a0pour principaux objectifs, la validation de la strat\u00e9gie 2021-2025, le renouvellement de ses instances, la validation des rapports statutaires et le bilan de la strat\u00e9gie 2017\u20132021.<\/p>\n<p>On apprend de l\u2019AUF, que pour les quatre prochaines ann\u00e9es, la nouvelle vision sera ax\u00e9e sur\u00a0: la transformation num\u00e9rique et la gouvernance universitaire. Y figure \u00e9galement, la formation des formateurs et l\u2019innovation p\u00e9dagogique, le r\u00e9seautage et la coop\u00e9ration internationale entre les universit\u00e9s membre de l\u2019AUF et enfin la valorisation des recherches. \u00abL\u2019ambition sous-jacente \u00e0 cette strat\u00e9gie est naturellement de permettre la croissance de l\u2019AUF, et donc de la communaut\u00e9 qui agit au sein de la Francophonie scientifique\u00bb, note l\u2019AUF.<\/p>\n<p><strong>Lire aussi<\/strong> : <strong><a href=\"https:\/\/ecomatin.net\/employabilite-des-jeunes-lauf-et-le-gouvernement-signent-trois-accords-de-partenariats\/\">Employabilit\u00e9 des jeunes : l\u2019AUF et le gouvernement signent trois accords de partenariats<\/a><\/strong><\/p>\n<p>Sous le volet de la transformation num\u00e9rique et la gouvernance universitaire, l\u2019instance souligne qu\u2019il sera question de la mise sur pied d\u2019une plateforme num\u00e9rique globale. Avec ce portail mondial, int\u00e9gr\u00e9 et collaboratif, chacun de ces acteurs relevant d\u2019un \u00e9tablissement membre de l\u2019AUF pourra cr\u00e9er un compte, s\u2019authentifier, b\u00e9n\u00e9ficier gratuitement de tous les services disponibles qui lui sont adress\u00e9s, consulter l\u2019agenda des \u00e9v\u00e9nements programm\u00e9s dans sa r\u00e9gion et partout sur la plan\u00e8te AUF. \u00a0<\/p>\n<p>Sur le volet de l\u2019employabilit\u00e9, \u00a0l\u2019AUF entend\u00a0\u00abla cr\u00e9ation de nouveaux espaces interconnect\u00e9s d\u00e9di\u00e9s au renforcement de l\u2019employabilit\u00e9, \u00e0 l\u2019insertion professionnelle et \u00e0 l\u2019entreprenariat \u00a0qui permettra de concr\u00e9tiser plusieurs id\u00e9es cl\u00e9s de la nouvelle strat\u00e9gie de l\u2019AUF\u00a0: projets structurants, contextualisation de l\u2019offre de services\u2026\u00bb En ce qui concerne la formation des formateurs et l\u2019innovation p\u00e9dagogique, il est envisag\u00e9 \u00a0un renforcement \u00a0de la qualit\u00e9 des apprentissages, des \u00e9l\u00e8ves, des \u00e9tudiants, par l\u2019interm\u00e9diaire de dispositifs de formations de formateurs et en favorisant l\u2019innovation p\u00e9dagogique.<\/p>\n<p><strong>Lire aussi<\/strong> : <strong><a href=\"https:\/\/ecomatin.net\/aissatou-sy-wonyu-dirige-la-region-de-lafrique-centrale-et-grands-lacs-de-lauf\/\">A\u00efssatou SY-Wonyu, dirige la r\u00e9gion Afrique Centrale et Grands Lacs de l\u2019AUF<\/a><\/strong><\/p>\n<p>Les chercheurs francophones sont confront\u00e9s \u00e0 un imp\u00e9ratif de publications, mais \u00e9galement \u00e0 un imp\u00e9ratif linguistique, celui de publier en langue anglaise pour pr\u00e9tendre \u00e0 des revues class\u00e9es ou r\u00e9f\u00e9renc\u00e9es dites \u00ab internationales \u00bb. \u00a0Sur le programme de recherche et la valorisation, l\u2019AUF va s\u2019atteler \u00e0 \u00a0la valorisation de la recherche francophone par le renforcement de l\u2019\u00e9dition scientifique francophone. \u00abLe premier grand projet structurant de l\u2019AUF, pour renforcer sa capacit\u00e9 de r\u00e9seautage et d\u2019accompagnement dans le cadre de sa strat\u00e9gie de coop\u00e9ration internationale, est la consolidation et l\u2019extension de sa pr\u00e9sence de proximit\u00e9 \u00e0 l\u2019international\u00a0\u00bb, projette l\u2019AUF.<\/p>\n<p><strong>Lire aussi<\/strong> : <strong><a href=\"https:\/\/ecomatin.net\/lauf-finance-7-projets-camerounais-de-lutte-contre-le-coronavirus\/\">L\u2019AUF finance 7 projets camerounais de lutte contre le Coronavirus<\/a><\/strong><\/p>\n<p>L\u2019article <a rel=\"nofollow\" href=\"https:\/\/ecomatin.net\/lagence-universitaire-de-la-francophonie-devoile-sa-strategie-quadriennale\/\">L\u2019Agence universitaire de la Francophonie d\u00e9voile sa strat\u00e9gie quadriennale<\/a> est apparu en premier sur <a rel=\"nofollow\" href=\"https:\/\/ecomatin.net\/\">EcoMatin<\/a>.<\/p>\n<\/div>\n<p>Auteur: Amina MALLOUM<br \/>\n<a href=\"https:\/\/ecomatin.net\/lagence-universitaire-de-la-francophonie-devoile-sa-strategie-quadriennale\/\">Cliquez ici pour lire l&rsquo;article depuis sa source.<\/a><\/p>\n","protected":false},"excerpt":{"rendered":"<p>Du 21 au 24 septembre 2021, se tient le regroupement r\u00e9gional des chefs d\u2019institutions membres de l\u2019Agence Universitaire de la Francophonie (AUF) Afrique centrale et Grands Lacs, dans l\u2019enceinte de l\u2019Ecole Nationale Sup\u00e9rieure Polytechnique de l\u2019Universit\u00e9 de Yaound\u00e9 I. La rencontre s\u2019inscrit ainsi dans le cadre de la premi\u00e8re \u00e9dition de la semaine de la [&hellip;]<\/p>\n","protected":false},"author":1969,"featured_media":0,"comment_status":"closed","ping_status":"closed","sticky":false,"template":"","format":"standard","meta":{"fifu_image_url":"","fifu_image_alt":"","footnotes":""},"categories":[82,78],"tags":[],"class_list":["post-127987","post","type-post","status-publish","format-standard","hentry","category-cameroun","category-economie"],"_links":{"self":[{"href":"https:\/\/linitiative.ca\/International\/wp-json\/wp\/v2\/posts\/127987","targetHints":{"allow":["GET"]}}],"collection":[{"href":"https:\/\/linitiative.ca\/International\/wp-json\/wp\/v2\/posts"}],"about":[{"href":"https:\/\/linitiative.ca\/International\/wp-json\/wp\/v2\/types\/post"}],"author":[{"embeddable":true,"href":"https:\/\/linitiative.ca\/International\/wp-json\/wp\/v2\/users\/1969"}],"replies":[{"embeddable":true,"href":"https:\/\/linitiative.ca\/International\/wp-json\/wp\/v2\/comments?post=127987"}],"version-history":[{"count":0,"href":"https:\/\/linitiative.ca\/International\/wp-json\/wp\/v2\/posts\/127987\/revisions"}],"wp:attachment":[{"href":"https:\/\/linitiative.ca\/International\/wp-json\/wp\/v2\/media?parent=127987"}],"wp:term":[{"taxonomy":"category","embeddable":true,"href":"https:\/\/linitiative.ca\/International\/wp-json\/wp\/v2\/categories?post=127987"},{"taxonomy":"post_tag","embeddable":true,"href":"https:\/\/linitiative.ca\/International\/wp-json\/wp\/v2\/tags?post=127987"}],"curies":[{"name":"wp","href":"https:\/\/api.w.org\/{rel}","templated":true}]}}