{"id":127994,"date":"2021-09-24T09:18:43","date_gmt":"2021-09-24T13:18:43","guid":{"rendered":"https:\/\/linitiative.ca\/International\/asmae-rhlalou-du-rni-elue-a-la-tete-du-conseil-de-la-ville-de-rabat\/"},"modified":"2021-09-24T09:18:43","modified_gmt":"2021-09-24T13:18:43","slug":"asmae-rhlalou-du-rni-elue-a-la-tete-du-conseil-de-la-ville-de-rabat","status":"publish","type":"post","link":"https:\/\/linitiative.ca\/International\/asmae-rhlalou-du-rni-elue-a-la-tete-du-conseil-de-la-ville-de-rabat\/","title":{"rendered":"Asmae Rhlalou du RNI \u00e9lue \u00e0 la t\u00eate du Conseil de la ville de Rabat"},"content":{"rendered":"<div>\n<p><img decoding=\"async\" width=\"300\" height=\"153\" src=\"https:\/\/linitiative.ca\/International\/wp-content\/uploads\/sites\/23\/2021\/09\/Asmae-Rhlalou-RNI-Maire-de-Rabat-300x153-1.jpg\" class=\"attachment-medium size-medium wp-post-image\" alt=\"\" loading=\"lazy\" srcset=\"\/\/aujourdhui.ma\/wp-content\/uploads\/2021\/09\/Asmae-Rhlalou-RNI-Maire-de-Rabat-300x153.jpg 300w, \/\/aujourdhui.ma\/wp-content\/uploads\/2021\/09\/Asmae-Rhlalou-RNI-Maire-de-Rabat-274x140.jpg 274w, \/\/aujourdhui.ma\/wp-content\/uploads\/2021\/09\/Asmae-Rhlalou-RNI-Maire-de-Rabat.jpg 746w, \/\/aujourdhui.ma\/wp-content\/uploads\/2021\/09\/Asmae-Rhlalou-RNI-Maire-de-Rabat-165x84.jpg 165w, \/\/aujourdhui.ma\/wp-content\/uploads\/2021\/09\/Asmae-Rhlalou-RNI-Maire-de-Rabat-702x358.jpg 702w\" sizes=\"auto, (max-width: 300px) 100vw, 300px\"><\/p>\n<p><span style=\"font-size: 20px; color: #800000;\"><strong>Asmae Rhlalou, du Rassemblement national des ind\u00e9pendants (RNI), a \u00e9t\u00e9 \u00e9lue pr\u00e9sidente du Conseil de la ville de Rabat, lors d\u2019une s\u00e9ance de vote tenue vendredi.<\/strong><\/span><span id=\"more-387529\"><\/span><\/p>\n<p>A l\u2019issue de cette s\u00e9ance tenue au si\u00e8ge de la pr\u00e9fecture, Mme Rhlalou a recueilli 58 sur les 81 voix que compte le conseil, contre 8 voix pour Badia Bennani (PJD), 7 voix pour Hassan Lachgar (USFP) et six abstentions.<\/p>\n<p>Elle a b\u00e9n\u00e9fici\u00e9 du soutien des \u00e9lus du Parti authenticit\u00e9 et modernit\u00e9 (PAM) et du Parti de l\u2019Istiqlal (PI), en plus de ceux de sa propre formation politique.<\/p>\n<p>Le RNI avait d\u00e9croch\u00e9 23 si\u00e8ges au niveau des cinq arrondissements de la capitale au cours des \u00e9lections communales organis\u00e9es le 8 septembre dernier.<\/p>\n<p>A cette occasion, la nouvelle pr\u00e9sidente du conseil de Rabat a qualifi\u00e9 d\u00a0\u00bbhistorique\u00a0\u00bb son \u00e9lection en tant que premi\u00e8re femme maire de la capitale, tout en saluant le bon d\u00e9roulement du vote.<\/p>\n<p>\u00ab\u00a0En tant que maire, je vais agir de concert avec la majorit\u00e9 et l\u2019opposition dans l\u2019int\u00e9r\u00eat de la ville et sa population\u00a0\u00bb, a-t-elle d\u00e9clar\u00e9 au terme de la s\u00e9ance de vote, affirmant qu\u2019elle \u00ab\u00a0tend la main \u00e0 tout le monde pour parvenir \u00e0 am\u00e9liorer les conditions de vie de la population\u00a0\u00bb.<\/p>\n<\/div>\n<p>Auteur: ALM<br \/>\n<a href=\"https:\/\/aujourdhui.ma\/politique\/asmae-rhlalou-du-rni-elue-a-la-tete-du-conseil-de-la-ville-de-rabat\">Cliquez ici pour lire l&rsquo;article depuis sa source.<\/a><\/p>\n","protected":false},"excerpt":{"rendered":"<p>Asmae Rhlalou, du Rassemblement national des ind\u00e9pendants (RNI), a \u00e9t\u00e9 \u00e9lue pr\u00e9sidente du Conseil de la ville de Rabat, lors d\u2019une s\u00e9ance de vote tenue vendredi. A l\u2019issue de cette s\u00e9ance tenue au si\u00e8ge de la pr\u00e9fecture, Mme Rhlalou a recueilli 58 sur les 81 voix que compte le conseil, contre 8 voix pour Badia [&hellip;]<\/p>\n","protected":false},"author":1759,"featured_media":0,"comment_status":"closed","ping_status":"closed","sticky":false,"template":"","format":"standard","meta":{"fifu_image_url":"https:\/\/aujourdhui.ma\/wp-content\/uploads\/2021\/09\/Asmae-Rhlalou-RNI-Maire-de-Rabat-300x153.jpg","fifu_image_alt":"Asmae Rhlalou du RNI \u00e9lue \u00e0 la t\u00eate du Conseil de la ville de Rabat","footnotes":""},"categories":[73,54],"tags":[],"class_list":["post-127994","post","type-post","status-publish","format-standard","hentry","category-actualite","category-maroc"],"_links":{"self":[{"href":"https:\/\/linitiative.ca\/International\/wp-json\/wp\/v2\/posts\/127994","targetHints":{"allow":["GET"]}}],"collection":[{"href":"https:\/\/linitiative.ca\/International\/wp-json\/wp\/v2\/posts"}],"about":[{"href":"https:\/\/linitiative.ca\/International\/wp-json\/wp\/v2\/types\/post"}],"author":[{"embeddable":true,"href":"https:\/\/linitiative.ca\/International\/wp-json\/wp\/v2\/users\/1759"}],"replies":[{"embeddable":true,"href":"https:\/\/linitiative.ca\/International\/wp-json\/wp\/v2\/comments?post=127994"}],"version-history":[{"count":0,"href":"https:\/\/linitiative.ca\/International\/wp-json\/wp\/v2\/posts\/127994\/revisions"}],"wp:attachment":[{"href":"https:\/\/linitiative.ca\/International\/wp-json\/wp\/v2\/media?parent=127994"}],"wp:term":[{"taxonomy":"category","embeddable":true,"href":"https:\/\/linitiative.ca\/International\/wp-json\/wp\/v2\/categories?post=127994"},{"taxonomy":"post_tag","embeddable":true,"href":"https:\/\/linitiative.ca\/International\/wp-json\/wp\/v2\/tags?post=127994"}],"curies":[{"name":"wp","href":"https:\/\/api.w.org\/{rel}","templated":true}]}}