{"id":127996,"date":"2021-09-24T09:45:25","date_gmt":"2021-09-24T13:45:25","guid":{"rendered":"https:\/\/linitiative.ca\/International\/lenseignement-superieur-prive-en-chiffres\/"},"modified":"2021-09-24T09:45:25","modified_gmt":"2021-09-24T13:45:25","slug":"lenseignement-superieur-prive-en-chiffres","status":"publish","type":"post","link":"https:\/\/linitiative.ca\/International\/lenseignement-superieur-prive-en-chiffres\/","title":{"rendered":"L\u2019enseignement sup\u00e9rieur priv\u00e9 en chiffres"},"content":{"rendered":"<div>\n<p><img decoding=\"async\" width=\"300\" height=\"153\" src=\"https:\/\/linitiative.ca\/International\/wp-content\/uploads\/sites\/23\/2021\/09\/Evolution-enseignement-300x153-1.jpg\" class=\"attachment-medium size-medium wp-post-image\" alt=\"\" loading=\"lazy\" srcset=\"\/\/aujourdhui.ma\/wp-content\/uploads\/2021\/09\/Evolution-enseignement-300x153.jpg 300w, \/\/aujourdhui.ma\/wp-content\/uploads\/2021\/09\/Evolution-enseignement-274x140.jpg 274w, \/\/aujourdhui.ma\/wp-content\/uploads\/2021\/09\/Evolution-enseignement.jpg 746w, \/\/aujourdhui.ma\/wp-content\/uploads\/2021\/09\/Evolution-enseignement-165x84.jpg 165w, \/\/aujourdhui.ma\/wp-content\/uploads\/2021\/09\/Evolution-enseignement-702x358.jpg 702w\" sizes=\"auto, (max-width: 300px) 100vw, 300px\"><\/p>\n<p><span style=\"font-size: 20px; color: #800000;\"><strong>L\u2019effectif des \u00e9tudiants a augment\u00e9 de 31,2% en 5 ans<\/strong> <\/span><span id=\"more-387502\"><\/span><\/p>\n<p>De plus en plus d\u2019\u00e9tudiants marocains optent pour une formation dans le priv\u00e9. Selon les chiffres officiels, de 2017 \u00e0 2021, l\u2019effectif des \u00e9tudiants inscrits dans l\u2019enseignement sup\u00e9rieur priv\u00e9 a augment\u00e9 de 31,2% en passant de 43.617 en 2016-2017 \u00e0 57.222 au titre de l\u2019ann\u00e9e 2020-2021. A noter qu\u2019ils \u00e9taient 53.467 en 2019-2020. Sur les 57.222 \u00e9tudiants en formation, on compte 13.042 \u00e9tudiants au sein des universit\u00e9s cr\u00e9\u00e9es dans le cadre du partenariat public-priv\u00e9, 10.756 au sein des universit\u00e9s priv\u00e9es, 32.302 au sein des \u00e9tablissements priv\u00e9s et 1.122 au sein de l\u2019universit\u00e9 Al Akhawayn. Concernant les nouveaux inscrits, leur nombre s\u2019est chiffr\u00e9 \u00e0 22.645 au titre de l\u2019ann\u00e9e 2020-2021 dont 4.330 au sein des universit\u00e9s issues du partenariat public-priv\u00e9, 3.458 au sein des universit\u00e9s, 14.339 pour les \u00e9tablissements priv\u00e9s et 518 nouveaux inscrits pour l\u2019Universit\u00e9 Al Akhawayn. Compar\u00e9 au syst\u00e8me universitaire public, fort de ses 989.899 \u00e9tudiants, le priv\u00e9 reste encore n\u00e9gligeable. Le poids du secteur priv\u00e9 dans l\u2019enseignement sup\u00e9rieur ne repr\u00e9sente que 5,9% des effectifs globaux. ll faut aussi relever que la majorit\u00e9 des \u00e9tudiants inscrits dans les \u00e9tablissements d\u2019enseignement sup\u00e9rieur priv\u00e9s est concentr\u00e9e au niveau de Casablanca et Rabat.<\/p>\n<p><span style=\"color: #ff0000;\"><strong>Pr\u00e8s de 200 \u00e9tablissements<\/strong><\/span><\/p>\n<p>Le secteur de l\u2019enseignement sup\u00e9rieur priv\u00e9 compte 198 \u00e9tablissements qui proposent une offre de formation tr\u00e8s diversifi\u00e9e aussi bien au niveau des cursus que des fili\u00e8res. Ces \u00e9tablissements se r\u00e9partissent comme suit : 37 universit\u00e9s dans le cadre du PPP, 24 universit\u00e9s priv\u00e9es et 137 \u00e9tablissements priv\u00e9s. A noter qu\u2019au titre de l\u2019ann\u00e9e 2019-2020, le secteur comptait 35 universit\u00e9s PPP, 23 universit\u00e9s priv\u00e9es et 135 \u00e9tablissements priv\u00e9s.<br \/>\nTableau<\/p>\n<p><span style=\"color: #ff0000;\"><strong>Plus de 2.500 enseignants permanents<\/strong><\/span><\/p>\n<p>Selon les statistiques du minist\u00e8re, le nombre des enseignants permanents dans le secteur de l\u2019enseignement sup\u00e9rieur priv\u00e9 s\u2019\u00e9l\u00e8ve \u00e0 2.562 en 2020-2021 contre 2.394 en 2019-2020. Parmi les 2.562 enseignants, on rel\u00e8ve 665 enseignants dans les universit\u00e9s cr\u00e9\u00e9es dans le cadre du partenariat public-priv\u00e9, 366 dans les universit\u00e9s priv\u00e9es et 1.531 dans les \u00e9tablissements priv\u00e9s.<\/p>\n<p>\u00a0<\/p>\n<\/div>\n<p>Auteur: Laila Zerrour<br \/>\n<a href=\"https:\/\/aujourdhui.ma\/societe\/lenseignement-superieur-prive-en-chiffres\">Cliquez ici pour lire l&rsquo;article depuis sa source.<\/a><\/p>\n","protected":false},"excerpt":{"rendered":"<p>L\u2019effectif des \u00e9tudiants a augment\u00e9 de 31,2% en 5 ans De plus en plus d\u2019\u00e9tudiants marocains optent pour une formation dans le priv\u00e9. Selon les chiffres officiels, de 2017 \u00e0 2021, l\u2019effectif des \u00e9tudiants inscrits dans l\u2019enseignement sup\u00e9rieur priv\u00e9 a augment\u00e9 de 31,2% en passant de 43.617 en 2016-2017 \u00e0 57.222 au titre de l\u2019ann\u00e9e [&hellip;]<\/p>\n","protected":false},"author":1759,"featured_media":0,"comment_status":"closed","ping_status":"closed","sticky":false,"template":"","format":"standard","meta":{"fifu_image_url":"https:\/\/aujourdhui.ma\/wp-content\/uploads\/2021\/09\/Evolution-enseignement-300x153.jpg","fifu_image_alt":"L\u2019enseignement sup\u00e9rieur priv\u00e9 en chiffres","footnotes":""},"categories":[73,54],"tags":[],"class_list":["post-127996","post","type-post","status-publish","format-standard","hentry","category-actualite","category-maroc"],"_links":{"self":[{"href":"https:\/\/linitiative.ca\/International\/wp-json\/wp\/v2\/posts\/127996","targetHints":{"allow":["GET"]}}],"collection":[{"href":"https:\/\/linitiative.ca\/International\/wp-json\/wp\/v2\/posts"}],"about":[{"href":"https:\/\/linitiative.ca\/International\/wp-json\/wp\/v2\/types\/post"}],"author":[{"embeddable":true,"href":"https:\/\/linitiative.ca\/International\/wp-json\/wp\/v2\/users\/1759"}],"replies":[{"embeddable":true,"href":"https:\/\/linitiative.ca\/International\/wp-json\/wp\/v2\/comments?post=127996"}],"version-history":[{"count":0,"href":"https:\/\/linitiative.ca\/International\/wp-json\/wp\/v2\/posts\/127996\/revisions"}],"wp:attachment":[{"href":"https:\/\/linitiative.ca\/International\/wp-json\/wp\/v2\/media?parent=127996"}],"wp:term":[{"taxonomy":"category","embeddable":true,"href":"https:\/\/linitiative.ca\/International\/wp-json\/wp\/v2\/categories?post=127996"},{"taxonomy":"post_tag","embeddable":true,"href":"https:\/\/linitiative.ca\/International\/wp-json\/wp\/v2\/tags?post=127996"}],"curies":[{"name":"wp","href":"https:\/\/api.w.org\/{rel}","templated":true}]}}