{"id":128007,"date":"2021-09-23T14:00:00","date_gmt":"2021-09-23T18:00:00","guid":{"rendered":"https:\/\/linitiative.ca\/International\/publication-dun-guide-pratique-sur-les-mecanismes-consultatifs-de-plaidoyer-civil-dans-les-foras-internationaux\/"},"modified":"2021-09-23T14:00:00","modified_gmt":"2021-09-23T18:00:00","slug":"publication-dun-guide-pratique-sur-les-mecanismes-consultatifs-de-plaidoyer-civil-dans-les-foras-internationaux","status":"publish","type":"post","link":"https:\/\/linitiative.ca\/International\/publication-dun-guide-pratique-sur-les-mecanismes-consultatifs-de-plaidoyer-civil-dans-les-foras-internationaux\/","title":{"rendered":"Publication d\u2019un guide pratique sur les m\u00e9canismes consultatifs de plaidoyer civil dans les foras internationaux"},"content":{"rendered":"<div>\n<p class=\"has-text-align-center has-vivid-red-color has-text-color\"><strong>Sahara marocain<\/strong><\/p>\n<p class=\"has-text-align-left has-black-color has-text-color\"><strong>Le minist\u00e8re d\u2019Etat charg\u00e9 des Droits de l\u2019Homme et des relations avec le Parlement vient de publier un guide pratique sur les m\u00e9canismes consultatifs parall\u00e8les de plaidoyer de la soci\u00e9t\u00e9 civile en faveur de la question du Sahara marocain dans les foras et forums internationaux.<\/strong><\/p>\n<p class=\"has-text-align-left has-black-color has-text-color\">Ce guide pratique, qui prend l\u2019Organisation des Nations-Unies, l\u2019Union africaine et l\u2019Union europ\u00e9enne comme exemple, vise \u00e0 renforcer le plaidoyer civil en faveur de la marocanit\u00e9 du Sahara, en permettant aux acteurs non-gouvernementaux de s\u2019approprier des m\u00e9canismes m\u00e9thodiques et techniques relatifs au processus de plaidoyer au sein des instances consultatives des organisations onusiennes et internationales.<\/p>\n<p class=\"has-text-align-left has-black-color has-text-color\">Cette nouvelle publication s\u2019articule autour des principaux m\u00e9canismes consultatifs permettant aux acteurs non gouvernementaux de participer, en tant que force effective de proposition, \u00e0 l\u2019\u00e9laboration des d\u00e9cisions. Elle leur permet aussi de s\u2019emparer des techniques de plaidoyer effectif et agissant et de s\u2019approprier des outils conceptuels historique, juridique, des droits de l\u2019Homme et de d\u00e9veloppement, de nature \u00e0 les aider \u00e0 ma\u00eetriser les arguments et les preuves et mieux l\u2019utiliser pour contrer les th\u00e8ses hostiles \u00e0 l\u2019int\u00e9grit\u00e9 territoriale du Royaume.<\/p>\n<p class=\"has-text-align-left has-black-color has-text-color\">S\u2019exprimant \u00e0 l\u2019occasion de la pr\u00e9sentation de ce guide, le ministre d\u2019Etat charg\u00e9 des Droits de l\u2019Homme et des relations avec le Parlement, Mostapha Ramid, a soulign\u00e9 que \u00ab\u00a0le sujet du parach\u00e8vement de l\u2019int\u00e9grit\u00e9 territoriale de notre pays a constitu\u00e9 l\u2019un des d\u00e9fis majeurs du temps contemporain, \u00e9tant donn\u00e9 que les Marocains, Roi et peuple, consid\u00e8rent la r\u00e9cup\u00e9ration des provinces du sud, la premi\u00e8re cause nationale, et ont d\u00e9ploy\u00e9 \u00e0 cet effet d\u2019\u00e9norme efforts, et se sont engag\u00e9s dans plusieurs combats sur divers fronts\u00a0\u00bb.<\/p>\n<p class=\"has-text-align-left has-black-color has-text-color\">Pour agir efficacement et contrer les man\u0153uvres et les agissements des ennemis de l\u2019int\u00e9grit\u00e9 territoriale du Royaume, qui ne cessent de se multiplier et de se renouveler, M. Ramid a mis l\u2019accent sur l\u2019importance de d\u00e9passer les m\u00e9thodes traditionnelles afin de mettre \u00e0 jour les m\u00e9canismes de plaidoyer en faveur de la cause nationale, et la mobilisation de tous pour mettre \u00e0 nu les all\u00e9gations des adversaires.<\/p>\n<p class=\"has-text-align-left has-black-color has-text-color\">D\u2019o\u00f9 l\u2019id\u00e9e de l\u2019\u00e9laboration d\u2019un guide de plaidoyer civil en faveur de la marocanit\u00e9 du Sahara en r\u00e9ponse \u00e0 un besoin effectif et pressant pour contribuer au renforcement du r\u00f4le de la soci\u00e9t\u00e9 civile dans la d\u00e9fense de la cause nationale, a-t-il ajout\u00e9.<\/p>\n<p class=\"has-text-align-left has-black-color has-text-color\">Ce guide pratique, de 168 pages, s\u2019articule autour de quatre grands axes portant sur le pr\u00e9lude historique et juridique de la question du Sahara marocain, les droits humains et d\u00e9veloppement, les approches institutionnelles pratiques de plaidoyer de la soci\u00e9t\u00e9 civile au sein des institutions multilat\u00e9rales, ainsi que les m\u00e9canismes de plaidoyer pour la marocanit\u00e9 du Sahara.<\/p>\n<p>L\u2019article <a rel=\"nofollow\" href=\"http:\/\/albayane.press.ma\/publication-dun-guide-pratique-sur-les-mecanismes-consultatifs-de-plaidoyer-civil-dans-les-foras-internationaux.html\">Publication d\u2019un guide pratique sur les m\u00e9canismes consultatifs de plaidoyer civil dans les foras internationaux<\/a> est apparu en premier sur <a rel=\"nofollow\" href=\"http:\/\/albayane.press.ma\/\">ALBAYANE<\/a>.<\/p>\n<\/div>\n<p>Auteur: M&rsquo;hammed rahal<br \/>\n<a href=\"http:\/\/albayane.press.ma\/publication-dun-guide-pratique-sur-les-mecanismes-consultatifs-de-plaidoyer-civil-dans-les-foras-internationaux.html\">Cliquez ici pour lire l&rsquo;article depuis sa source.<\/a><\/p>\n","protected":false},"excerpt":{"rendered":"<p>Sahara marocain Le minist\u00e8re d\u2019Etat charg\u00e9 des Droits de l\u2019Homme et des relations avec le Parlement vient de publier un guide pratique sur les m\u00e9canismes consultatifs parall\u00e8les de plaidoyer de la soci\u00e9t\u00e9 civile en faveur de la question du Sahara marocain dans les foras et forums internationaux. Ce guide pratique, qui prend l\u2019Organisation des Nations-Unies, [&hellip;]<\/p>\n","protected":false},"author":1760,"featured_media":0,"comment_status":"closed","ping_status":"closed","sticky":false,"template":"","format":"standard","meta":{"fifu_image_url":"","fifu_image_alt":"","footnotes":""},"categories":[73,54],"tags":[],"class_list":["post-128007","post","type-post","status-publish","format-standard","hentry","category-actualite","category-maroc"],"_links":{"self":[{"href":"https:\/\/linitiative.ca\/International\/wp-json\/wp\/v2\/posts\/128007","targetHints":{"allow":["GET"]}}],"collection":[{"href":"https:\/\/linitiative.ca\/International\/wp-json\/wp\/v2\/posts"}],"about":[{"href":"https:\/\/linitiative.ca\/International\/wp-json\/wp\/v2\/types\/post"}],"author":[{"embeddable":true,"href":"https:\/\/linitiative.ca\/International\/wp-json\/wp\/v2\/users\/1760"}],"replies":[{"embeddable":true,"href":"https:\/\/linitiative.ca\/International\/wp-json\/wp\/v2\/comments?post=128007"}],"version-history":[{"count":0,"href":"https:\/\/linitiative.ca\/International\/wp-json\/wp\/v2\/posts\/128007\/revisions"}],"wp:attachment":[{"href":"https:\/\/linitiative.ca\/International\/wp-json\/wp\/v2\/media?parent=128007"}],"wp:term":[{"taxonomy":"category","embeddable":true,"href":"https:\/\/linitiative.ca\/International\/wp-json\/wp\/v2\/categories?post=128007"},{"taxonomy":"post_tag","embeddable":true,"href":"https:\/\/linitiative.ca\/International\/wp-json\/wp\/v2\/tags?post=128007"}],"curies":[{"name":"wp","href":"https:\/\/api.w.org\/{rel}","templated":true}]}}