{"id":128008,"date":"2021-09-23T14:00:00","date_gmt":"2021-09-23T18:00:00","guid":{"rendered":"https:\/\/linitiative.ca\/International\/le-pps-va-continuer-doeuvrer-pour-servir-linteret-superieur-de-la-nation-a-partir-de-sa-position-dans-lopposition-nationale-democratique\/"},"modified":"2021-09-23T14:00:00","modified_gmt":"2021-09-23T18:00:00","slug":"le-pps-va-continuer-doeuvrer-pour-servir-linteret-superieur-de-la-nation-a-partir-de-sa-position-dans-lopposition-nationale-democratique","status":"publish","type":"post","link":"https:\/\/linitiative.ca\/International\/le-pps-va-continuer-doeuvrer-pour-servir-linteret-superieur-de-la-nation-a-partir-de-sa-position-dans-lopposition-nationale-democratique\/","title":{"rendered":"Le PPS va continuer d\u2019\u0153uvrer pour servir l\u2019int\u00e9r\u00eat sup\u00e9rieur de la Nation, \u00e0 partir de sa position dans l\u2019opposition nationale d\u00e9mocratique"},"content":{"rendered":"<div>\n<p class=\"has-text-align-center has-vivid-red-color has-text-color\"><strong>Communiqu\u00e9 du bureau politique du mercredi 22 septembre 2021<\/strong><\/p>\n<p class=\"has-black-color has-text-color\"><strong>Au cours de sa r\u00e9union du mercredi 22 septembre 2021, le bureau politique du Parti du Progr\u00e8s et du Socialisme a poursuivi l\u2019examen des r\u00e9sultats des diff\u00e9rentes \u00e9lections communales, provinciales et l\u00e9gislatives. Il a \u00e9galement pass\u00e9 en revue les r\u00e9sultats auxquels ces \u00e9ch\u00e9ances ont abouti sur le plan territorial en termes de pr\u00e9sidences et de structures de gestion.<\/strong><\/p>\n<p class=\"has-black-color has-text-color\">Sur la base de ses d\u00e9lib\u00e9rations, le bureau politique souligne que le Parti du Progr\u00e8s et du Socialisme va aborder l\u2019\u00e9tape actuelle comme il l\u2019a toujours fait, avec patriotisme et responsabilit\u00e9. Il va continuer d\u2019\u0153uvrer pour servir l\u2019int\u00e9r\u00eat sup\u00e9rieur de notre pays et de notre peuple, \u00e0 partir de sa position dans l\u2019opposition nationale d\u00e9mocratique, responsable et constructive, sur la base de l\u2019analyse approfondie de toutes les donn\u00e9es et dimensions de la situation actuelle \u00e0 laquelle proc\u00e9dera le comit\u00e9 central du parti le 16 octobre prochain.<\/p>\n<p class=\"has-black-color has-text-color\">A cette occasion, le bureau politique pr\u00e9sente ses hautes salutations et ses f\u00e9licitations les plus chaleureuses \u00e0 l\u2019ensemble des camarades qui ont gagn\u00e9 la confiance des \u00e9lectrices et des \u00e9lecteurs, au nom du Parti du Progr\u00e8s et du Socialisme, dans toutes les \u00e9ch\u00e9ances \u00e9lectorales, et \u00e0 leur t\u00eate les d\u00e9put\u00e9s (es), les pr\u00e9sident(e)s des communes et les membres des conseils des R\u00e9gions, des Provinces et des Pr\u00e9fectures.<\/p>\n<p class=\"has-black-color has-text-color\">\u00a0Dans ce cadre, le bureau politique souligne la n\u00e9cessit\u00e9 de continuer de faire preuve de mobilisation dans les rangs du parti au cours de l\u2019\u00e9tape en cours relative \u00e0 l\u2019\u00e9lection des pr\u00e9sidents des conseils provinciaux et pr\u00e9fectoraux et des structures de leur gestion, dans le but de consacrer et de conforter la position du parti et de renforcer sa pr\u00e9sence dans les diff\u00e9rentes institutions \u00e9lues. Il appelle \u00e9galement l\u2019ensemble des militantes et des militants du parti et ses \u00e9lus (es) \u00e0 intensifier les efforts et \u00e0 rehausser le niveau de pr\u00e9paration et de mobilisation pour prendre part aux \u00e9lections des membres de la Chambre des Conseillers dans la perspective de r\u00e9aliser des r\u00e9sultats positifs au titre de ce scrutin important.<\/p>\n<p class=\"has-black-color has-text-color\">\u00a0Au niveau de la vie interne du parti, le bureau politique a \u00e9tabli le programme d\u2019action pour la p\u00e9riode \u00e0 venir, qui pr\u00e9voit des rencontres organisationnelles dans toutes les provinces et pr\u00e9fectures, pr\u00e9sid\u00e9es par des d\u00e9l\u00e9gations de membres du bureau politique, \u00e0 commencer par les rencontres que pr\u00e9sidera le Secr\u00e9taire G\u00e9n\u00e9ral en personne dans les r\u00e9gions o\u00f9 le parti a gagn\u00e9 ou r\u00e9alis\u00e9 des r\u00e9sultats probants. Le programme d\u2019action comporte aussi l\u2019organisation de la session ordinaire du comit\u00e9 central du parti le 16 octobre prochain pour proc\u00e9der \u00e0 une analyse approfondie, exhaustive et compl\u00e8te des diff\u00e9rents aspects du processus \u00e9lectoral, de ses cons\u00e9quences et de ses r\u00e9sultats en rapport avec la situation g\u00e9n\u00e9rale dans notre pays.<\/p>\n<p class=\"has-black-color has-text-color\">\u00a0Au terme de sa r\u00e9union, le bureau politique a examin\u00e9 des questions internes et pris, \u00e0 l\u2019unanimit\u00e9 de ses membres, des mesures disciplinaires \u00e0 l\u2019encontre des concern\u00e9s, conform\u00e9ment aux dispositions statutaires du parti.<\/p>\n<p>L\u2019article <a rel=\"nofollow\" href=\"http:\/\/albayane.press.ma\/le-pps-va-continuer-doeuvrer-pour-servir-linteret-superieur-de-la-nation-a-partir-de-sa-position-dans-lopposition-nationale-democratique.html\">Le PPS va continuer d\u2019\u0153uvrer pour servir l\u2019int\u00e9r\u00eat sup\u00e9rieur de la Nation, \u00e0 partir de sa position dans l\u2019opposition nationale d\u00e9mocratique<\/a> est apparu en premier sur <a rel=\"nofollow\" href=\"http:\/\/albayane.press.ma\/\">ALBAYANE<\/a>.<\/p>\n<\/div>\n<p>Auteur: M&rsquo;hammed rahal<br \/>\n<a href=\"http:\/\/albayane.press.ma\/le-pps-va-continuer-doeuvrer-pour-servir-linteret-superieur-de-la-nation-a-partir-de-sa-position-dans-lopposition-nationale-democratique.html\">Cliquez ici pour lire l&rsquo;article depuis sa source.<\/a><\/p>\n","protected":false},"excerpt":{"rendered":"<p>Communiqu\u00e9 du bureau politique du mercredi 22 septembre 2021 Au cours de sa r\u00e9union du mercredi 22 septembre 2021, le bureau politique du Parti du Progr\u00e8s et du Socialisme a poursuivi l\u2019examen des r\u00e9sultats des diff\u00e9rentes \u00e9lections communales, provinciales et l\u00e9gislatives. Il a \u00e9galement pass\u00e9 en revue les r\u00e9sultats auxquels ces \u00e9ch\u00e9ances ont abouti sur [&hellip;]<\/p>\n","protected":false},"author":1760,"featured_media":0,"comment_status":"closed","ping_status":"closed","sticky":false,"template":"","format":"standard","meta":{"fifu_image_url":"","fifu_image_alt":"","footnotes":""},"categories":[73,54],"tags":[],"class_list":["post-128008","post","type-post","status-publish","format-standard","hentry","category-actualite","category-maroc"],"_links":{"self":[{"href":"https:\/\/linitiative.ca\/International\/wp-json\/wp\/v2\/posts\/128008","targetHints":{"allow":["GET"]}}],"collection":[{"href":"https:\/\/linitiative.ca\/International\/wp-json\/wp\/v2\/posts"}],"about":[{"href":"https:\/\/linitiative.ca\/International\/wp-json\/wp\/v2\/types\/post"}],"author":[{"embeddable":true,"href":"https:\/\/linitiative.ca\/International\/wp-json\/wp\/v2\/users\/1760"}],"replies":[{"embeddable":true,"href":"https:\/\/linitiative.ca\/International\/wp-json\/wp\/v2\/comments?post=128008"}],"version-history":[{"count":0,"href":"https:\/\/linitiative.ca\/International\/wp-json\/wp\/v2\/posts\/128008\/revisions"}],"wp:attachment":[{"href":"https:\/\/linitiative.ca\/International\/wp-json\/wp\/v2\/media?parent=128008"}],"wp:term":[{"taxonomy":"category","embeddable":true,"href":"https:\/\/linitiative.ca\/International\/wp-json\/wp\/v2\/categories?post=128008"},{"taxonomy":"post_tag","embeddable":true,"href":"https:\/\/linitiative.ca\/International\/wp-json\/wp\/v2\/tags?post=128008"}],"curies":[{"name":"wp","href":"https:\/\/api.w.org\/{rel}","templated":true}]}}