{"id":128009,"date":"2021-09-23T14:00:00","date_gmt":"2021-09-23T18:00:00","guid":{"rendered":"https:\/\/linitiative.ca\/International\/morocco-kingdom-of-taste-a-new-york\/"},"modified":"2021-09-23T14:00:00","modified_gmt":"2021-09-23T18:00:00","slug":"morocco-kingdom-of-taste-a-new-york","status":"publish","type":"post","link":"https:\/\/linitiative.ca\/International\/morocco-kingdom-of-taste-a-new-york\/","title":{"rendered":"\u00ab Morocco, Kingdom of Taste \u00bb \u00e0 New York"},"content":{"rendered":"<div>\n<p class=\"has-text-align-center has-vivid-red-color has-text-color\">U<strong>ne campagne de communication pour promouvoir l\u2019offre exportable du Maroc<\/strong><\/p>\n<p class=\"has-black-color has-text-color\"><strong>Une vaste campagne de communication plac\u00e9e sous le th\u00e8me \u201cMorocco, Kingdom of Taste\u201d, aura lieu, du 25 au 29 septembre \u00e0 New York, dans le but de promouvoir l\u2019offre exportable marocaine.<\/strong><\/p>\n<p class=\"has-black-color has-text-color\">Pr\u00e9vue dans le prestigieux quartier de Hudson Yards Public Square &amp; Gardens, cette manifestation sera accompagn\u00e9e d\u2019un showroom haut en couleurs, selon les organisateurs.<\/p>\n<p class=\"has-black-color has-text-color\">Lors de ce rendez-vous, les New-Yorkais sont invit\u00e9s \u00e0 \u201cvenir visiter et d\u00e9guster, parfois +\u00e0 l\u2019aveugle+ les fines bouch\u00e9es sp\u00e9cialement con\u00e7ues par la Cheffe marocaine Yasmina Ksikes\u00a0\u00bb, indique-t-on de m\u00eame source.<br \/>La th\u00e9matique adopt\u00e9e pour cette action de promotion est : \u00ab Morocco, Kingdom of Taste \u00bb et cinq fili\u00e8res sont mises en valeur sous forme d\u2019\u00eelots, \u00e0 savoir : Fili\u00e8re fruits et l\u00e9gumes, Fili\u00e8re agrumes, Fili\u00e8re ol\u00e9icole, Fili\u00e8re Produits du terroir et Fili\u00e8re Produits de la p\u00eache.<\/p>\n<p class=\"has-black-color has-text-color\">En effet, l\u2019offre exportable marocaine regroupe un ensemble de facteurs permettant d\u2019offrir une vari\u00e9t\u00e9 de produits riches par leurs diversit\u00e9s, reconnus par leur tra\u00e7abilit\u00e9, uniques par leurs saveurs et aussi comp\u00e9titifs gr\u00e2ce \u00e0 la politique agricole mise en place ces derni\u00e8res ann\u00e9es par le Royaume, rel\u00e8ve le communiqu\u00e9, notant que les produits agricoles et halieutiques marocains sont \u00e0 pr\u00e9sent un gage de fiabilit\u00e9, de cr\u00e9dibilit\u00e9 et d\u2019authenticit\u00e9.<\/p>\n<p class=\"has-black-color has-text-color\">\u00c0 l\u2019heure o\u00f9 les tendances de consommation sont orient\u00e9es vers une alimentation saine et responsable, le Maroc, avec tous les efforts d\u00e9ploy\u00e9s, peut se vanter de r\u00e9pondre \u00e0 ces crit\u00e8res, poursuit la m\u00eame source, rappelant que le Royaume est depuis longtemps consid\u00e9r\u00e9 comme un pays \u00e0 vocation agricole dont les atouts naturels conf\u00e8rent \u00e0 ses produits une comp\u00e9titivit\u00e9 naturelle \u00e0 l\u2019international.<\/p>\n<p class=\"has-black-color has-text-color\">\u201cGr\u00e2ce \u00e0 une politique agricole innovante et dynamique, et \u00e0 un ensemble de facteurs g\u00e9ographiques et humains, le Maroc est devenu en quelques ann\u00e9es un acteur majeur des exportations agroalimentaires et halieutiques\u201d, ajoute-t-on.<\/p>\n<p class=\"has-black-color has-text-color\">La m\u00eame source explique que cette comp\u00e9titivit\u00e9 a une origine multiple, \u00e0 savoir une grande fra\u00eecheur et une qualit\u00e9 gustative des produits, des conditions climatiques exceptionnelles assurant une grande disponibilit\u00e9 des produits de base, un co\u00fbt de la vie et de la main-d\u2019\u0153uvre tr\u00e8s inf\u00e9rieur \u00e0 celle d\u2019Europe ou d\u2019autres pays et une excellente position g\u00e9ographique qui fait du Maroc un hub africain d\u2019envergure tourn\u00e9 \u00e0 la fois vers l\u2019Europe et l\u2019Afrique, outre une destination attractive pour les investissements \u00e9trangers.<\/p>\n<p class=\"has-black-color has-text-color\">A ce titre, et dans le cadre de ses missions de promotion et de d\u00e9veloppement des produits agro-alimentaires et halieutiques, l\u2019Etablissement autonome de contr\u00f4le et de coordination des Exportations (EACCE) \u2013 Morocco Foodex, organise cette action d\u2019information et de promotion in\u00e9dite \u00e0 destination des consommateurs sur le march\u00e9 am\u00e9ricain, conclut le communiqu\u00e9.<\/p>\n<p>L\u2019article <a rel=\"nofollow\" href=\"http:\/\/albayane.press.ma\/morocco-kingdom-of-taste-a-new-york.html\">\u00ab Morocco, Kingdom of Taste \u00bb \u00e0 New York<\/a> est apparu en premier sur <a rel=\"nofollow\" href=\"http:\/\/albayane.press.ma\/\">ALBAYANE<\/a>.<\/p>\n<\/div>\n<p>Auteur: M&rsquo;hammed rahal<br \/>\n<a href=\"http:\/\/albayane.press.ma\/morocco-kingdom-of-taste-a-new-york.html\">Cliquez ici pour lire l&rsquo;article depuis sa source.<\/a><\/p>\n","protected":false},"excerpt":{"rendered":"<p>Une campagne de communication pour promouvoir l\u2019offre exportable du Maroc Une vaste campagne de communication plac\u00e9e sous le th\u00e8me \u201cMorocco, Kingdom of Taste\u201d, aura lieu, du 25 au 29 septembre \u00e0 New York, dans le but de promouvoir l\u2019offre exportable marocaine. Pr\u00e9vue dans le prestigieux quartier de Hudson Yards Public Square &amp; Gardens, cette manifestation [&hellip;]<\/p>\n","protected":false},"author":1760,"featured_media":0,"comment_status":"closed","ping_status":"closed","sticky":false,"template":"","format":"standard","meta":{"fifu_image_url":"","fifu_image_alt":"","footnotes":""},"categories":[73,54],"tags":[],"class_list":["post-128009","post","type-post","status-publish","format-standard","hentry","category-actualite","category-maroc"],"_links":{"self":[{"href":"https:\/\/linitiative.ca\/International\/wp-json\/wp\/v2\/posts\/128009","targetHints":{"allow":["GET"]}}],"collection":[{"href":"https:\/\/linitiative.ca\/International\/wp-json\/wp\/v2\/posts"}],"about":[{"href":"https:\/\/linitiative.ca\/International\/wp-json\/wp\/v2\/types\/post"}],"author":[{"embeddable":true,"href":"https:\/\/linitiative.ca\/International\/wp-json\/wp\/v2\/users\/1760"}],"replies":[{"embeddable":true,"href":"https:\/\/linitiative.ca\/International\/wp-json\/wp\/v2\/comments?post=128009"}],"version-history":[{"count":0,"href":"https:\/\/linitiative.ca\/International\/wp-json\/wp\/v2\/posts\/128009\/revisions"}],"wp:attachment":[{"href":"https:\/\/linitiative.ca\/International\/wp-json\/wp\/v2\/media?parent=128009"}],"wp:term":[{"taxonomy":"category","embeddable":true,"href":"https:\/\/linitiative.ca\/International\/wp-json\/wp\/v2\/categories?post=128009"},{"taxonomy":"post_tag","embeddable":true,"href":"https:\/\/linitiative.ca\/International\/wp-json\/wp\/v2\/tags?post=128009"}],"curies":[{"name":"wp","href":"https:\/\/api.w.org\/{rel}","templated":true}]}}