{"id":128010,"date":"2021-09-23T14:00:00","date_gmt":"2021-09-23T18:00:00","guid":{"rendered":"https:\/\/linitiative.ca\/International\/le-retour-au-debat-politique\/"},"modified":"2021-09-23T14:00:00","modified_gmt":"2021-09-23T18:00:00","slug":"le-retour-au-debat-politique","status":"publish","type":"post","link":"https:\/\/linitiative.ca\/International\/le-retour-au-debat-politique\/","title":{"rendered":"Le retour au d\u00e9bat politique"},"content":{"rendered":"<div>\n<p class=\"has-vivid-cyan-blue-color has-text-color\"><strong>Comme pr\u00e9c\u00e9demment pr\u00e9dit sur les m\u00eames colonnes de notre rubrique, les tractations, enclench\u00e9es par le chef du gouvernement nomm\u00e9, se sont sold\u00e9es par une combinaison tripartite autour du parti victorieux aux \u00e9lections du huit septembre, compos\u00e9e du PAM et du PI. Finalement, l\u2019USFP qui esp\u00e9rait rallier le peloton de t\u00eate, malgr\u00e9 les indices de sa mise \u00e0 l\u2019\u00e9cart, s\u2019en est sortie bredouille. Visiblement d\u00e9sabus\u00e9 par le d\u00e9sint\u00e9r\u00eat du \u00abparrain\u00bb, le parti socialiste s\u2019en rend \u00e0 l\u2019\u00e9vidence et annonce tardivement, en fait, d\u2019atterrir \u00e0 l\u2019opposition, alors que le trio avait officiellement rendu publique sa coalition d\u00e9finitive. Depuis d\u00e9j\u00e0 des jours, on prenait connaissance de cette alliance tripartie qui se traduisait par la \u00abr\u00e9partition\u00bb d\u2019\u00e9gal \u00e0 \u00e9gal\u00a0 de si\u00e8ges des conseils r\u00e9gionaux et communaux des m\u00e9tropoles du royaume. Aujourd\u2019hui, \u00e0 la veille de la diffusion imminente de la composition du prochain ex\u00e9cutif para\u00eet s\u2019op\u00e9rer comme sur des roulettes, vu le caract\u00e8re ramass\u00e9 et restreint et surtout la nature \u00ab\u00a0id\u00e9elle \u00bb pour ne pas dire \u00ab\u00a0id\u00e9ologique\u00a0\u00bb de ses constituants.<\/strong><\/p>\n<p class=\"has-black-color has-text-color\"><strong>Cette fois-ci, il n\u2019y aura pas de blocage ni atermoiement, puisqu\u2019apparemment, la concorde est l\u00e9gion dans la mouture sugg\u00e9r\u00e9e. Cependant, si la majorit\u00e9 se la coule douce comme dans un mouchoir de poche, ce n\u2019en est pas le cas pour le camp d\u2019en face, avec des formations de gauche certes, mais assez disparates voire frictionnelles. De m\u00eame, les alli\u00e9s du quatuor de l\u2019ex\u00e9cutif sortant, \u00e0 savoir le MP et l\u2019UC, tr\u00e8s influenc\u00e9s par le chef d\u2019hier, ne p\u00e8seront gu\u00e8re lourd dans la nouvelle posture, d\u2019autant plus qu\u2019ils seront plut\u00f4t pour une position de net soutien aux d\u00e9marches de la majorit\u00e9. Quant au PJD qui ne semble pas encore r\u00e9tabli de l\u2019affligeant revers dont il \u00e9tait l\u2019objet, serait beaucoup plus pr\u00e9occup\u00e9 par sa remise d\u2019aplomb par le prochain congr\u00e8s exceptionnel que de pencher \u00e0 autre chose, en ce moment de d\u00e9sastre.<\/strong><\/p>\n<p class=\"has-black-color has-text-color\"><strong>Il reste, bien entendu, cette \u00a0gauche qui se retrouve de concert, pour la premi\u00e8re fois, depuis son int\u00e9gration en 1998 au gouvernement de feu Youssoufi, dans le camp auquel ils s\u2019\u00e9taient habitu\u00e9s, des d\u00e9cennies durant. L\u2019USFP, le PPS, le PSU et la f\u00e9d\u00e9ration de la gauche, auront-ils enfin, la pr\u00e9disposition de rejouer une fois encore, ensemble dans la concorde et l\u2019acception, le r\u00f4le responsable et constructif de l\u2019opposition nationale\u00a0? Peut-\u00eatre, ce serait une belle aubaine d\u2019\u0153uvrer de mani\u00e8re unioniste pour un d\u00e9bat politique relev\u00e9, au service de la nation, comme par le pass\u00e9 o\u00f9 la gauche avait contribu\u00e9 fonci\u00e8rement \u00e0 la mise sur les rails d\u2019un pays irr\u00e9versiblement tourn\u00e9 vers la d\u00e9mocratie et la justice. Car devant, \u00e0 la majorit\u00e9, il n\u2019y a que les adversaires politiques du lib\u00e9ralisme de \u00ab\u00a0droite\u00a0\u00bb, diam\u00e9tralement en fracture avec l\u2019id\u00e9al humaniste de la gauche, ax\u00e9 sur les valeurs de l\u2019\u00e9galitarisme au sein des territoires et des soci\u00e9t\u00e9s. Le d\u00e9bat politique de fond entre ces deux lignes oppos\u00e9es serait, sans nul doute, de mise, par cette dualit\u00e9 majorit\u00e9 et opposition, claire et distincte. Karl Marx, le philosophe communiste du 19<sup>\u00e8me<\/sup> si\u00e8cle disait un jour\u00a0: \u00ab\u00a0L\u2019histoire de toute soci\u00e9t\u00e9 jusqu\u2019\u00e0 nos jours, n\u2019a \u00e9t\u00e9 que l\u2019histoire de luttes de chasses\u00a0!\u00a0\u00bb. C\u2019est ce que l\u2019h\u00e9micycle devrait rev\u00eatir comme devise\u00a0: une majorit\u00e9 forte \u00a0et une opposition forte. Est-ce le cas \u00e0 pr\u00e9sent, \u00e0 l\u2019issue de l\u2019\u00e9ch\u00e9ancier du 8 septembre\u00a0? Wait and see, disent les anglo-saxons\u00a0! \u00a0 \u00a0\u00a0\u00a0\u00a0\u00a0\u00a0\u00a0\u00a0\u00a0\u00a0\u00a0\u00a0\u00a0\u00a0\u00a0\u00a0\u00a0\u00a0\u00a0\u00a0\u00a0\u00a0\u00a0\u00a0\u00a0\u00a0\u00a0\u00a0<\/strong><\/p>\n<p>L\u2019article <a rel=\"nofollow\" href=\"http:\/\/albayane.press.ma\/le-retour-au-debat-politique.html\">Le retour au d\u00e9bat politique<\/a> est apparu en premier sur <a rel=\"nofollow\" href=\"http:\/\/albayane.press.ma\/\">ALBAYANE<\/a>.<\/p>\n<\/div>\n<p>Auteur: M&rsquo;hammed rahal<br \/>\n<a href=\"http:\/\/albayane.press.ma\/le-retour-au-debat-politique.html\">Cliquez ici pour lire l&rsquo;article depuis sa source.<\/a><\/p>\n","protected":false},"excerpt":{"rendered":"<p>Comme pr\u00e9c\u00e9demment pr\u00e9dit sur les m\u00eames colonnes de notre rubrique, les tractations, enclench\u00e9es par le chef du gouvernement nomm\u00e9, se sont sold\u00e9es par une combinaison tripartite autour du parti victorieux aux \u00e9lections du huit septembre, compos\u00e9e du PAM et du PI. Finalement, l\u2019USFP qui esp\u00e9rait rallier le peloton de t\u00eate, malgr\u00e9 les indices de sa [&hellip;]<\/p>\n","protected":false},"author":1760,"featured_media":0,"comment_status":"closed","ping_status":"closed","sticky":false,"template":"","format":"standard","meta":{"fifu_image_url":"","fifu_image_alt":"","footnotes":""},"categories":[73,54],"tags":[],"class_list":["post-128010","post","type-post","status-publish","format-standard","hentry","category-actualite","category-maroc"],"_links":{"self":[{"href":"https:\/\/linitiative.ca\/International\/wp-json\/wp\/v2\/posts\/128010","targetHints":{"allow":["GET"]}}],"collection":[{"href":"https:\/\/linitiative.ca\/International\/wp-json\/wp\/v2\/posts"}],"about":[{"href":"https:\/\/linitiative.ca\/International\/wp-json\/wp\/v2\/types\/post"}],"author":[{"embeddable":true,"href":"https:\/\/linitiative.ca\/International\/wp-json\/wp\/v2\/users\/1760"}],"replies":[{"embeddable":true,"href":"https:\/\/linitiative.ca\/International\/wp-json\/wp\/v2\/comments?post=128010"}],"version-history":[{"count":0,"href":"https:\/\/linitiative.ca\/International\/wp-json\/wp\/v2\/posts\/128010\/revisions"}],"wp:attachment":[{"href":"https:\/\/linitiative.ca\/International\/wp-json\/wp\/v2\/media?parent=128010"}],"wp:term":[{"taxonomy":"category","embeddable":true,"href":"https:\/\/linitiative.ca\/International\/wp-json\/wp\/v2\/categories?post=128010"},{"taxonomy":"post_tag","embeddable":true,"href":"https:\/\/linitiative.ca\/International\/wp-json\/wp\/v2\/tags?post=128010"}],"curies":[{"name":"wp","href":"https:\/\/api.w.org\/{rel}","templated":true}]}}