{"id":128011,"date":"2021-09-23T14:00:00","date_gmt":"2021-09-23T18:00:00","guid":{"rendered":"https:\/\/linitiative.ca\/International\/plaidoyer-pour-des-politiques-de-mobilite-centrees-sur-lindividu\/"},"modified":"2021-09-23T14:00:00","modified_gmt":"2021-09-23T18:00:00","slug":"plaidoyer-pour-des-politiques-de-mobilite-centrees-sur-lindividu","status":"publish","type":"post","link":"https:\/\/linitiative.ca\/International\/plaidoyer-pour-des-politiques-de-mobilite-centrees-sur-lindividu\/","title":{"rendered":"Plaidoyer pour des politiques de mobilit\u00e9 centr\u00e9es sur l\u2019individu"},"content":{"rendered":"<div>\n<p class=\"has-text-align-center has-vivid-red-color has-text-color\"><strong>Conseil \u00e9conomique, social et environnemental<\/strong><\/p>\n<p class=\"has-black-color has-text-color\"><strong>Le pr\u00e9sident du Conseil \u00e9conomique, social et environnemental (CESE), Ahmed R\u00e9da Chami, a appel\u00e9, mercredi \u00e0 Rabat, \u00e0 la mise en place de politiques de mobilit\u00e9 durable centr\u00e9es sur l\u2019individu.<\/strong><\/p>\n<p class=\"has-black-color has-text-color\">\u00ab\u00a0Il importe de tenir compte des crit\u00e8res \u00e9conomiques, sociaux et environnementaux dans la mise en \u0153uvre des politiques de mobilit\u00e9 pour assurer un acc\u00e8s pour tous les citoyennes et citoyens tout en r\u00e9duisant l\u2019impact environnemental des d\u00e9placements\u00a0\u00bb, a soulign\u00e9 M. Chami lors d\u2019un atelier de restitution virtuel, d\u00e9di\u00e9 \u00e0 la pr\u00e9sentation de l\u2019avis du Conseil intitul\u00e9 \u00ab\u00a0la mobilit\u00e9 durable: Vers des moyens de transport durables et accessibles\u00a0\u00bb.<\/p>\n<p class=\"has-black-color has-text-color\">Le transport des personnes et de leurs biens, en milieu urbain et rural, conna\u00eet une demande exponentielle, alors que son mod\u00e8le d\u2019organisation demeure complexe, ayant atteint \u00ab\u00a0ses limites\u00a0\u00bb, a-t-il fait observer \u00e0 cet \u00e9gard, notant que celles-ci sont notamment li\u00e9es \u00e0 des politiques nationales et territoriales centr\u00e9es principalement sur l\u2019infrastructure routi\u00e8re et la voiture individuelle, au lieu d\u2019\u00eatre \u00ab\u00a0centr\u00e9es sur l\u2019individu\u00a0\u00bb.<\/p>\n<p class=\"has-black-color has-text-color\">Le Maroc, a-t-il dit, a r\u00e9alis\u00e9 des progr\u00e8s ind\u00e9niables en mati\u00e8re de d\u00e9veloppement d\u2019infrastructures modernes, ainsi qu\u2019au niveau des modes de transports, y compris durables, comme peuvent en t\u00e9moigner certains chantiers (LGV\/TGV Maroc, tramways et BHNS \u00e9lectriques), relevant que ces progr\u00e8s sont rendus possibles gr\u00e2ce, notamment, aux dispositifs l\u00e9gislatifs, r\u00e9glementaires et aux nouvelles formes de gouvernance territoriale, mis en place dans le cadre du processus de la r\u00e9gionalisation avanc\u00e9e.<\/p>\n<p class=\"has-black-color has-text-color\">Le pr\u00e9sident du Conseil a, en outre, fait remarquer que l\u2019offre disponible en mati\u00e8re de transport en commun s\u2019av\u00e8re \u00eatre insuffisante, inad\u00e9quate et peu accessible, par rapport aux besoins de la population (en particulier les femmes, les personnes \u00e2g\u00e9es, les personnes en situation de handicap et les personnes \u00e0 faible revenu), aussi bien dans les aires urbaines denses que dans les aires rurales dispers\u00e9es ou enclav\u00e9es.<\/p>\n<p class=\"has-black-color has-text-color\">M. Chami a aussi fait savoir que le diagnostic r\u00e9alis\u00e9 dans le cadre de l\u2019avis du CESE, ainsi que les recommandations propos\u00e9es, sont le r\u00e9sultat d\u2019une d\u00e9marche participative impliquant les diff\u00e9rentes parties prenantes.<br \/>De son c\u00f4t\u00e9, le pr\u00e9sident de la Commission charg\u00e9e de l\u2019environnement et du d\u00e9veloppement durable du CESE, Abderrahim Ksiri, a mis en avant l\u2019importance du secteur de la mobilit\u00e9 durable, relevant que celui-ci impacte directement la vie des citoyens, mais \u00e9galement l\u2019ensemble des volets \u00e9conomiques, sociaux, environnementaux et sanitaires du pays.<\/p>\n<p class=\"has-black-color has-text-color\">\u00ab\u00a0C\u2019est un secteur strat\u00e9gique vu le nombre des citoyens qui y travaillent et les industries qui y adh\u00e8rent\u00a0\u00bb, a-t-il dit, faisant remarquer que le taux d\u2019\u00e9nergie consomm\u00e9 dans ce secteur est \u00e0 hauteur de 40%.<br \/>Le CESE, gr\u00e2ce \u00e0 un diagnostic fait au niveau national, a pu montrer que le potentiel de d\u00e9veloppement et d\u2019am\u00e9lioration est \u00ab\u00a0\u00e9norme\u00a0\u00bb, a not\u00e9 M. Ksiri, soulignant l\u2019imp\u00e9ratif d\u2019aller vers des syst\u00e8mes de transport moins consommateurs d\u2019\u00e9nergie.<\/p>\n<p>L\u2019article <a rel=\"nofollow\" href=\"http:\/\/albayane.press.ma\/plaidoyer-pour-des-politiques-de-mobilite-centrees-sur-lindividu.html\">Plaidoyer pour des politiques de mobilit\u00e9 centr\u00e9es sur l\u2019individu<\/a> est apparu en premier sur <a rel=\"nofollow\" href=\"http:\/\/albayane.press.ma\/\">ALBAYANE<\/a>.<\/p>\n<\/div>\n<p>Auteur: M&rsquo;hammed rahal<br \/>\n<a href=\"http:\/\/albayane.press.ma\/plaidoyer-pour-des-politiques-de-mobilite-centrees-sur-lindividu.html\">Cliquez ici pour lire l&rsquo;article depuis sa source.<\/a><\/p>\n","protected":false},"excerpt":{"rendered":"<p>Conseil \u00e9conomique, social et environnemental Le pr\u00e9sident du Conseil \u00e9conomique, social et environnemental (CESE), Ahmed R\u00e9da Chami, a appel\u00e9, mercredi \u00e0 Rabat, \u00e0 la mise en place de politiques de mobilit\u00e9 durable centr\u00e9es sur l\u2019individu. \u00ab\u00a0Il importe de tenir compte des crit\u00e8res \u00e9conomiques, sociaux et environnementaux dans la mise en \u0153uvre des politiques de mobilit\u00e9 [&hellip;]<\/p>\n","protected":false},"author":1760,"featured_media":0,"comment_status":"closed","ping_status":"closed","sticky":false,"template":"","format":"standard","meta":{"fifu_image_url":"","fifu_image_alt":"","footnotes":""},"categories":[73,54],"tags":[],"class_list":["post-128011","post","type-post","status-publish","format-standard","hentry","category-actualite","category-maroc"],"_links":{"self":[{"href":"https:\/\/linitiative.ca\/International\/wp-json\/wp\/v2\/posts\/128011","targetHints":{"allow":["GET"]}}],"collection":[{"href":"https:\/\/linitiative.ca\/International\/wp-json\/wp\/v2\/posts"}],"about":[{"href":"https:\/\/linitiative.ca\/International\/wp-json\/wp\/v2\/types\/post"}],"author":[{"embeddable":true,"href":"https:\/\/linitiative.ca\/International\/wp-json\/wp\/v2\/users\/1760"}],"replies":[{"embeddable":true,"href":"https:\/\/linitiative.ca\/International\/wp-json\/wp\/v2\/comments?post=128011"}],"version-history":[{"count":0,"href":"https:\/\/linitiative.ca\/International\/wp-json\/wp\/v2\/posts\/128011\/revisions"}],"wp:attachment":[{"href":"https:\/\/linitiative.ca\/International\/wp-json\/wp\/v2\/media?parent=128011"}],"wp:term":[{"taxonomy":"category","embeddable":true,"href":"https:\/\/linitiative.ca\/International\/wp-json\/wp\/v2\/categories?post=128011"},{"taxonomy":"post_tag","embeddable":true,"href":"https:\/\/linitiative.ca\/International\/wp-json\/wp\/v2\/tags?post=128011"}],"curies":[{"name":"wp","href":"https:\/\/api.w.org\/{rel}","templated":true}]}}