{"id":128014,"date":"2021-09-23T18:51:56","date_gmt":"2021-09-23T22:51:56","guid":{"rendered":"https:\/\/linitiative.ca\/International\/mme-bahia-el-youssoufi-elue-presidente-du-conseil-communal\/"},"modified":"2021-09-23T18:51:56","modified_gmt":"2021-09-23T22:51:56","slug":"mme-bahia-el-youssoufi-elue-presidente-du-conseil-communal","status":"publish","type":"post","link":"https:\/\/linitiative.ca\/International\/mme-bahia-el-youssoufi-elue-presidente-du-conseil-communal\/","title":{"rendered":"Mme Bahia El Youssoufi \u00e9lue pr\u00e9sidente du Conseil communal"},"content":{"rendered":"<div>\n<div style=\"margin-bottom:20px;\"><img loading=\"lazy\" decoding=\"async\" width=\"750\" height=\"430\" src=\"https:\/\/linitiative.ca\/International\/wp-content\/uploads\/sites\/23\/2021\/09\/Bahia-Youssoufi-prC3A9sidente-conseil-com-benguerir-copier.jpg\" class=\"attachment-post-thumbnail size-post-thumbnail wp-post-image\" alt=\"\" srcset=\"https:\/\/linitiative.ca\/International\/wp-content\/uploads\/sites\/23\/2021\/09\/Bahia-Youssoufi-prC3A9sidente-conseil-com-benguerir-copier.jpg 750w, http:\/\/www.mapmarrakech.ma\/map\/uploads\/2021\/09\/Bahia-Youssoufi-pr\u00e9sidente-conseil-com-benguerir-copier-300x172.jpg 300w\" sizes=\"auto, (max-width: 750px) 100vw, 750px\"><\/div>\n<p>Lors de la session du vote, qui s\u2019est d\u00e9roul\u00e9e dans le respect strict des mesures pr\u00e9ventives visant \u00e0 enrayer la propagation du nouveau coronavirus (Covid-19), Mme El Youssoufi a obtenu 28 voix sur un total de 31 si\u00e8ges que compte le Conseil communal de cette ville.<\/p>\n<p>Cette s\u00e9ance a \u00e9t\u00e9 aussi marqu\u00e9e par l\u2019\u00e9lection des 06 vice-pr\u00e9sidents, ainsi que du secr\u00e9taire du Conseil et son adjoint.<\/p>\n<p>Le Parti Authenticit\u00e9 et Modernit\u00e9 (PAM) et le Rassemblement National des Ind\u00e9pendants (RNI) sont arriv\u00e9s en t\u00eate au terme des \u00e9lections communales du 08 septembre au niveau de la ville de Bengu\u00e9rir, avec 06 si\u00e8ges chacun, suivis de l\u2019Union Constitutionnelle (UC) et le Parti de l\u2019Istiqlal (PI) avec 03 si\u00e8ges chacun, et l\u2019USFP, le parti de la Justice et D\u00e9veloppement (PJD), le Parti du Progr\u00e8s et Socialisme (PPS), le parti de l\u2019Equit\u00e9 et la Coalition de la Gauche, avec 02 si\u00e8ges chacun.<\/p>\n<p>Le Parti Socialiste Unifi\u00e9 (PSU), le parti des N\u00e9o-D\u00e9mocrates et le Front des Forces D\u00e9mocratique (FFD) ont remport\u00e9 01 si\u00e8ge chacun.<\/p>\n<p>The post <a rel=\"nofollow\" href=\"http:\/\/www.mapmarrakech.ma\/fr\/mme-bahia-el-youssoufi-elue-presidente-du-conseil-communal\/\">Mme Bahia El Youssoufi \u00e9lue pr\u00e9sidente du Conseil communal<\/a> appeared first on <a rel=\"nofollow\" href=\"http:\/\/www.mapmarrakech.ma\/fr\">MapMarrakech<\/a>.<\/p>\n<\/div>\n<p>Auteur: Meriem IGASS<br \/>\n<a href=\"http:\/\/www.mapmarrakech.ma\/fr\/mme-bahia-el-youssoufi-elue-presidente-du-conseil-communal\/\">Cliquez ici pour lire l&rsquo;article depuis sa source.<\/a><\/p>\n","protected":false},"excerpt":{"rendered":"<p>Lors de la session du vote, qui s\u2019est d\u00e9roul\u00e9e dans le respect strict des mesures pr\u00e9ventives visant \u00e0 enrayer la propagation du nouveau coronavirus (Covid-19), Mme El Youssoufi a obtenu 28 voix sur un total de 31 si\u00e8ges que compte le Conseil communal de cette ville. Cette s\u00e9ance a \u00e9t\u00e9 aussi marqu\u00e9e par l\u2019\u00e9lection des [&hellip;]<\/p>\n","protected":false},"author":1788,"featured_media":0,"comment_status":"closed","ping_status":"closed","sticky":false,"template":"","format":"standard","meta":{"fifu_image_url":"http:\/\/www.mapmarrakech.ma\/map\/uploads\/2021\/09\/Bahia-Youssoufi-pr\u00e9sidente-conseil-com-benguerir-copier.jpg","fifu_image_alt":"Mme Bahia El Youssoufi \u00e9lue pr\u00e9sidente du Conseil communal","footnotes":""},"categories":[54,76],"tags":[],"class_list":["post-128014","post","type-post","status-publish","format-standard","hentry","category-maroc","category-regions"],"_links":{"self":[{"href":"https:\/\/linitiative.ca\/International\/wp-json\/wp\/v2\/posts\/128014","targetHints":{"allow":["GET"]}}],"collection":[{"href":"https:\/\/linitiative.ca\/International\/wp-json\/wp\/v2\/posts"}],"about":[{"href":"https:\/\/linitiative.ca\/International\/wp-json\/wp\/v2\/types\/post"}],"author":[{"embeddable":true,"href":"https:\/\/linitiative.ca\/International\/wp-json\/wp\/v2\/users\/1788"}],"replies":[{"embeddable":true,"href":"https:\/\/linitiative.ca\/International\/wp-json\/wp\/v2\/comments?post=128014"}],"version-history":[{"count":0,"href":"https:\/\/linitiative.ca\/International\/wp-json\/wp\/v2\/posts\/128014\/revisions"}],"wp:attachment":[{"href":"https:\/\/linitiative.ca\/International\/wp-json\/wp\/v2\/media?parent=128014"}],"wp:term":[{"taxonomy":"category","embeddable":true,"href":"https:\/\/linitiative.ca\/International\/wp-json\/wp\/v2\/categories?post=128014"},{"taxonomy":"post_tag","embeddable":true,"href":"https:\/\/linitiative.ca\/International\/wp-json\/wp\/v2\/tags?post=128014"}],"curies":[{"name":"wp","href":"https:\/\/api.w.org\/{rel}","templated":true}]}}