{"id":128020,"date":"2021-09-23T12:32:29","date_gmt":"2021-09-23T16:32:29","guid":{"rendered":"https:\/\/linitiative.ca\/International\/le-role-des-medias-dans-la-promotion-de-la-participation-citoyenne-des-femmes-mis-en-exergue\/"},"modified":"2021-09-23T12:32:29","modified_gmt":"2021-09-23T16:32:29","slug":"le-role-des-medias-dans-la-promotion-de-la-participation-citoyenne-des-femmes-mis-en-exergue","status":"publish","type":"post","link":"https:\/\/linitiative.ca\/International\/le-role-des-medias-dans-la-promotion-de-la-participation-citoyenne-des-femmes-mis-en-exergue\/","title":{"rendered":"Le r\u00f4le des m\u00e9dias dans la promotion de la participation citoyenne des femmes mis en exergue"},"content":{"rendered":"<div>\n<div style=\"margin-bottom:20px;\"><img loading=\"lazy\" decoding=\"async\" width=\"750\" height=\"430\" src=\"https:\/\/linitiative.ca\/International\/wp-content\/uploads\/sites\/23\/2021\/09\/participation-des-femmes-dans-les-mC3A9dias-750C397430-MAP.jpg\" class=\"attachment-post-thumbnail size-post-thumbnail wp-post-image\" alt=\"\" srcset=\"https:\/\/linitiative.ca\/International\/wp-content\/uploads\/sites\/23\/2021\/09\/participation-des-femmes-dans-les-mC3A9dias-750C397430-MAP.jpg 750w, http:\/\/www.mapoujda.ma\/map\/uploads\/2021\/09\/participation-des-femmes-dans-les-m\u00e9dias-750\u00d7430-MAP-300x172.jpg 300w\" sizes=\"auto, (max-width: 750px) 100vw, 750px\"><\/div>\n<p style=\"text-align: justify;\">Les participants \u00e0 un s\u00e9minaire organis\u00e9, jeudi \u00e0 Oujda, par l\u2019Association Oujda Ain Ghazal 2000, ont mis en exergue le r\u00f4le des m\u00e9dias dans la promotion de la participation citoyenne des femmes, particuli\u00e8rement dans la r\u00e9gion de l\u2019Oriental.<\/p>\n<p style=\"text-align: justify;\">Les intervenants lors de cette rencontre, tenue en collaboration avec l\u2019Universit\u00e9 Mohammed Premier d\u2019Oujda, ont soulign\u00e9 l\u2019importance de l\u2019implication des m\u00e9dias au niveau local et r\u00e9gional pour contribuer \u00e0 la capacitation politique des femmes, en vue de renforcer leur pr\u00e9sence dans la soci\u00e9t\u00e9 et les int\u00e9grer au processus de d\u00e9veloppement.<\/p>\n<p style=\"text-align: justify;\">A cet \u00e9gard, la pr\u00e9sidente de l\u2019Association Oujda Ain Ghazal 2000, Nezhae Jaada, a plaid\u00e9 pour l\u2019\u00e9galit\u00e9 des genres et la lutte contre toutes les formes de discrimination visant les femmes, qui constituent, selon elle, le premier obstacle entravant une participation citoyenne et politique juste et \u00e9quitable.<\/p>\n<p style=\"text-align: justify;\">Elle a aussi relev\u00e9 le r\u00f4le primordial que jouent les m\u00e9dias en tant que partenaire dans la promotion de la d\u00e9mocratie et de l\u2019\u00e9galit\u00e9, compte tenu de leur forte influence dans la soci\u00e9t\u00e9.<\/p>\n<p style=\"text-align: justify;\">En plus de son r\u00f4le d\u2019information et de communication, les m\u00e9dias sont un outil efficace de plaidoyer et de sensibilisation, capable de favoriser la synergie des efforts de l\u2019ensemble des intervenants (gouvernement, soci\u00e9t\u00e9 civile, secteur priv\u00e9\u2026) en vue de renforcer la participation politique et citoyenne des femmes et activer leur r\u00f4le de d\u00e9veloppement, a estim\u00e9 Mme Jaada.<\/p>\n<p style=\"text-align: justify;\">De son c\u00f4t\u00e9, l\u2019acteur associatif Houssine Belouali a mis l\u2019accent sur le r\u00f4le des m\u00e9dias dans le renforcement de la d\u00e9mocratie participative et la lutte contre les id\u00e9es re\u00e7ues, et, plus encore, l\u2019\u00e9dification d\u2019un mod\u00e8le social qui r\u00e9pond aux aspirations des femmes et les associe \u00e0 la prise des d\u00e9cisions.<\/p>\n<p style=\"text-align: justify;\">Cette rencontre, qui a connu la participation de journalistes, acteurs associatifs et repr\u00e9sentants de collectivit\u00e9s territoriales, s\u2019inscrit dans le cadre du projet \u00abAppui \u00e0 la consolidation des dynamiques de participation d\u00e9mocratique au niveau communal, provincial, r\u00e9gional et national pour contribuer \u00e0 la r\u00e9duction des in\u00e9galit\u00e9s socio-\u00e9conomiques au Maroc\u00bb.<\/p>\n<p style=\"text-align: justify;\">Ce projet est men\u00e9 en partenariat avec Oxfam au Maroc et le Mouvement pour la paix (MPDL), avec l\u2019appui financier de l\u2019Agence espagnole pour la coop\u00e9ration internationale au d\u00e9veloppement (AECID).<\/p>\n<p>L\u2019article <a rel=\"nofollow\" href=\"http:\/\/www.mapoujda.ma\/fr\/le-role-des-medias-dans-la-promotion-de-la-participation-citoyenne-des-femmes-mis-en-exergue\/\">Le r\u00f4le des m\u00e9dias dans la promotion de la participation citoyenne des femmes mis en exergue<\/a> est apparu en premier sur <a rel=\"nofollow\" href=\"http:\/\/www.mapoujda.ma\/fr\">MapOujda<\/a>.<\/p>\n<\/div>\n<p>Auteur: Soufiane ELAHMAR<br \/>\n<a href=\"http:\/\/www.mapoujda.ma\/fr\/le-role-des-medias-dans-la-promotion-de-la-participation-citoyenne-des-femmes-mis-en-exergue\/\">Cliquez ici pour lire l&rsquo;article depuis sa source.<\/a><\/p>\n","protected":false},"excerpt":{"rendered":"<p>Les participants \u00e0 un s\u00e9minaire organis\u00e9, jeudi \u00e0 Oujda, par l\u2019Association Oujda Ain Ghazal 2000, ont mis en exergue le r\u00f4le des m\u00e9dias dans la promotion de la participation citoyenne des femmes, particuli\u00e8rement dans la r\u00e9gion de l\u2019Oriental. Les intervenants lors de cette rencontre, tenue en collaboration avec l\u2019Universit\u00e9 Mohammed Premier d\u2019Oujda, ont soulign\u00e9 l\u2019importance [&hellip;]<\/p>\n","protected":false},"author":1788,"featured_media":0,"comment_status":"closed","ping_status":"closed","sticky":false,"template":"","format":"standard","meta":{"fifu_image_url":"http:\/\/www.mapoujda.ma\/map\/uploads\/2021\/09\/participation-des-femmes-dans-les-m\u00e9dias-750\u00d7430-MAP.jpg","fifu_image_alt":"Le r\u00f4le des m\u00e9dias dans la promotion de la participation citoyenne des femmes mis en exergue","footnotes":""},"categories":[54,76],"tags":[],"class_list":["post-128020","post","type-post","status-publish","format-standard","hentry","category-maroc","category-regions"],"_links":{"self":[{"href":"https:\/\/linitiative.ca\/International\/wp-json\/wp\/v2\/posts\/128020","targetHints":{"allow":["GET"]}}],"collection":[{"href":"https:\/\/linitiative.ca\/International\/wp-json\/wp\/v2\/posts"}],"about":[{"href":"https:\/\/linitiative.ca\/International\/wp-json\/wp\/v2\/types\/post"}],"author":[{"embeddable":true,"href":"https:\/\/linitiative.ca\/International\/wp-json\/wp\/v2\/users\/1788"}],"replies":[{"embeddable":true,"href":"https:\/\/linitiative.ca\/International\/wp-json\/wp\/v2\/comments?post=128020"}],"version-history":[{"count":0,"href":"https:\/\/linitiative.ca\/International\/wp-json\/wp\/v2\/posts\/128020\/revisions"}],"wp:attachment":[{"href":"https:\/\/linitiative.ca\/International\/wp-json\/wp\/v2\/media?parent=128020"}],"wp:term":[{"taxonomy":"category","embeddable":true,"href":"https:\/\/linitiative.ca\/International\/wp-json\/wp\/v2\/categories?post=128020"},{"taxonomy":"post_tag","embeddable":true,"href":"https:\/\/linitiative.ca\/International\/wp-json\/wp\/v2\/tags?post=128020"}],"curies":[{"name":"wp","href":"https:\/\/api.w.org\/{rel}","templated":true}]}}