{"id":128022,"date":"2021-09-23T17:27:17","date_gmt":"2021-09-23T21:27:17","guid":{"rendered":"https:\/\/linitiative.ca\/International\/education-aucune-mesure-na-ete-prise-au-sujet-des-decharges-syndicales\/"},"modified":"2021-09-23T17:27:17","modified_gmt":"2021-09-23T21:27:17","slug":"education-aucune-mesure-na-ete-prise-au-sujet-des-decharges-syndicales","status":"publish","type":"post","link":"https:\/\/linitiative.ca\/International\/education-aucune-mesure-na-ete-prise-au-sujet-des-decharges-syndicales\/","title":{"rendered":"Education: Aucune mesure n\u2019a \u00e9t\u00e9 prise au sujet des d\u00e9charges syndicales"},"content":{"rendered":"<div>\n<div style=\"margin-bottom:20px;\"><img loading=\"lazy\" decoding=\"async\" width=\"750\" height=\"430\" src=\"https:\/\/linitiative.ca\/International\/wp-content\/uploads\/sites\/23\/2021\/09\/SiC3A8ge-MinistC3A8re-de-lE28099C389ducation-Nationale-750C397430-MAP-3.jpg\" class=\"attachment-post-thumbnail size-post-thumbnail wp-post-image\" alt=\"\" srcset=\"https:\/\/linitiative.ca\/International\/wp-content\/uploads\/sites\/23\/2021\/09\/SiC3A8ge-MinistC3A8re-de-lE28099C389ducation-Nationale-750C397430-MAP-3.jpg 750w, http:\/\/www.mapoujda.ma\/map\/uploads\/2021\/01\/Si\u00e8ge-Minist\u00e8re-de-l\u2019\u00c9ducation-Nationale-750\u00d7430-MAP-300x172.jpg 300w\" sizes=\"auto, (max-width: 750px) 100vw, 750px\"><\/div>\n<div>\n<p style=\"text-align: justify;\">Le minist\u00e8re de l\u2019Education nationale, de la Formation professionnelle, de l\u2019Enseignement sup\u00e9rieur et de la Recherche scientifique (D\u00e9partement de l\u2019Education nationale), a affirm\u00e9 qu\u2019aucune mesure n\u2019a \u00e9t\u00e9 prise \u00e0 propos des d\u00e9charges syndicales, soulignant que leur gestion se fera en toute clart\u00e9 et transparence.<\/p>\n<p style=\"text-align: justify;\">Dans une mise au point, suite \u00e0 la publication, jeudi, par un site \u00e9lectronique d\u2019un article intitul\u00e9 \u00ab\u00a0Le minist\u00e8re de l\u2019Education nationale accorde 250 d\u00e9charges syndicales \u00e0 5 syndicats: le syndicat du PJD, le grand perdant\u00a0\u00bb, le minist\u00e8re pr\u00e9cise que \u00ab\u00a0jusqu\u2019\u00e0 pr\u00e9sent, aucune mesure n\u2019a \u00e9t\u00e9 prise \u00e0 cet effet\u00a0\u00bb, ajoutant que la gestion des d\u00e9charges se fait dans la transparence et la clart\u00e9 et en total respect des dispositions les r\u00e9gissant.<\/p>\n<p style=\"text-align: justify;\">Il a, dans ce sens, qualifi\u00e9 d&rsquo;\u00a0\u00bbinfond\u00e9es\u00a0\u00bb les all\u00e9gations contenues dans ledit article.<\/p>\n<\/div>\n<p>L\u2019article <a rel=\"nofollow\" href=\"http:\/\/www.mapoujda.ma\/fr\/education-aucune-mesure-na-ete-prise-au-sujet-des-decharges-syndicales\/\">Education: Aucune mesure n\u2019a \u00e9t\u00e9 prise au sujet des d\u00e9charges syndicales<\/a> est apparu en premier sur <a rel=\"nofollow\" href=\"http:\/\/www.mapoujda.ma\/fr\">MapOujda<\/a>.<\/p>\n<\/div>\n<p>Auteur: Soufiane ELAHMAR<br \/>\n<a href=\"http:\/\/www.mapoujda.ma\/fr\/education-aucune-mesure-na-ete-prise-au-sujet-des-decharges-syndicales\/\">Cliquez ici pour lire l&rsquo;article depuis sa source.<\/a><\/p>\n","protected":false},"excerpt":{"rendered":"<p>Le minist\u00e8re de l\u2019Education nationale, de la Formation professionnelle, de l\u2019Enseignement sup\u00e9rieur et de la Recherche scientifique (D\u00e9partement de l\u2019Education nationale), a affirm\u00e9 qu\u2019aucune mesure n\u2019a \u00e9t\u00e9 prise \u00e0 propos des d\u00e9charges syndicales, soulignant que leur gestion se fera en toute clart\u00e9 et transparence. Dans une mise au point, suite \u00e0 la publication, jeudi, par [&hellip;]<\/p>\n","protected":false},"author":1788,"featured_media":0,"comment_status":"closed","ping_status":"closed","sticky":false,"template":"","format":"standard","meta":{"fifu_image_url":"http:\/\/www.mapoujda.ma\/map\/uploads\/2021\/01\/Si\u00e8ge-Minist\u00e8re-de-l\u2019\u00c9ducation-Nationale-750\u00d7430-MAP.jpg","fifu_image_alt":"Education: Aucune mesure n\u2019a \u00e9t\u00e9 prise au sujet des d\u00e9charges syndicales","footnotes":""},"categories":[54,76],"tags":[],"class_list":["post-128022","post","type-post","status-publish","format-standard","hentry","category-maroc","category-regions"],"_links":{"self":[{"href":"https:\/\/linitiative.ca\/International\/wp-json\/wp\/v2\/posts\/128022","targetHints":{"allow":["GET"]}}],"collection":[{"href":"https:\/\/linitiative.ca\/International\/wp-json\/wp\/v2\/posts"}],"about":[{"href":"https:\/\/linitiative.ca\/International\/wp-json\/wp\/v2\/types\/post"}],"author":[{"embeddable":true,"href":"https:\/\/linitiative.ca\/International\/wp-json\/wp\/v2\/users\/1788"}],"replies":[{"embeddable":true,"href":"https:\/\/linitiative.ca\/International\/wp-json\/wp\/v2\/comments?post=128022"}],"version-history":[{"count":0,"href":"https:\/\/linitiative.ca\/International\/wp-json\/wp\/v2\/posts\/128022\/revisions"}],"wp:attachment":[{"href":"https:\/\/linitiative.ca\/International\/wp-json\/wp\/v2\/media?parent=128022"}],"wp:term":[{"taxonomy":"category","embeddable":true,"href":"https:\/\/linitiative.ca\/International\/wp-json\/wp\/v2\/categories?post=128022"},{"taxonomy":"post_tag","embeddable":true,"href":"https:\/\/linitiative.ca\/International\/wp-json\/wp\/v2\/tags?post=128022"}],"curies":[{"name":"wp","href":"https:\/\/api.w.org\/{rel}","templated":true}]}}