{"id":128024,"date":"2021-09-24T10:40:21","date_gmt":"2021-09-24T14:40:21","guid":{"rendered":"https:\/\/linitiative.ca\/International\/amelioration-soutenue-des-indicateurs-des-telecommunications\/"},"modified":"2021-09-24T10:40:21","modified_gmt":"2021-09-24T14:40:21","slug":"amelioration-soutenue-des-indicateurs-des-telecommunications","status":"publish","type":"post","link":"https:\/\/linitiative.ca\/International\/amelioration-soutenue-des-indicateurs-des-telecommunications\/","title":{"rendered":"Am\u00e9lioration soutenue des indicateurs des t\u00e9l\u00e9communications"},"content":{"rendered":"<div>\n<div style=\"margin-bottom:20px;\"><img loading=\"lazy\" decoding=\"async\" width=\"750\" height=\"430\" src=\"https:\/\/linitiative.ca\/International\/wp-content\/uploads\/sites\/23\/2021\/09\/homme-en-train-de-communiquer-avec-son-tC3A9lC3A9phone-750C397430-MAP.jpg\" class=\"attachment-post-thumbnail size-post-thumbnail wp-post-image\" alt=\"\" srcset=\"https:\/\/linitiative.ca\/International\/wp-content\/uploads\/sites\/23\/2021\/09\/homme-en-train-de-communiquer-avec-son-tC3A9lC3A9phone-750C397430-MAP.jpg 750w, http:\/\/www.mapoujda.ma\/map\/uploads\/2021\/09\/homme-en-train-de-communiquer-avec-son-t\u00e9l\u00e9phone-750\u00d7430-MAP-300x172.jpg 300w\" sizes=\"auto, (max-width: 750px) 100vw, 750px\"><\/div>\n<div>\n<p style=\"text-align: justify;\">Les indicateurs du secteur des t\u00e9l\u00e9communications poursuivent leur \u00e9volution favorable au terme du premier semestre 2021, selon la Direction des \u00e9tudes et des pr\u00e9visions financi\u00e8res (DEPF).<\/p>\n<p style=\"text-align: justify;\">Le secteur des t\u00e9l\u00e9communications tire profit de l\u2019essor de l\u2019e-commerce, du t\u00e9l\u00e9travail et de la formation \u00e0 distance, sous l\u2019effet de la persistance de la crise Covid-19, explique la DEPF dans sa note de conjoncture de septembre 2021.<\/p>\n<p style=\"text-align: justify;\">Ainsi, le parc global de la t\u00e9l\u00e9phonie s\u2019est raffermi de 8,2% \u00e0 fin juin 2021, apr\u00e8s une hausse de 1% un an plus t\u00f4t, tir\u00e9 par le renforcement du parc de la t\u00e9l\u00e9phonie mobile de 8,2% (apr\u00e8s +0,7% l\u2019ann\u00e9e pr\u00e9c\u00e9dente) \u00e0 49,2 millions d\u2019abonn\u00e9s et de celui de la t\u00e9l\u00e9phonie fixe de 8,3% \u00e0 2,4 millions d\u2019abonn\u00e9s, pr\u00e9cise la DEPF.<\/p>\n<p style=\"text-align: justify;\">De son c\u00f4t\u00e9, le parc de l\u2019Internet a augment\u00e9 de 15,1% (apr\u00e8s +15,4% un an auparavant) \u00e0 31,3 millions d\u2019abonn\u00e9s, ajoute la m\u00eame source.<\/p>\n<\/div>\n<p>L\u2019article <a rel=\"nofollow\" href=\"http:\/\/www.mapoujda.ma\/fr\/amelioration-soutenue-des-indicateurs-des-telecommunications\/\">Am\u00e9lioration soutenue des indicateurs des t\u00e9l\u00e9communications<\/a> est apparu en premier sur <a rel=\"nofollow\" href=\"http:\/\/www.mapoujda.ma\/fr\">MapOujda<\/a>.<\/p>\n<\/div>\n<p>Auteur: Soufiane ELAHMAR<br \/>\n<a href=\"http:\/\/www.mapoujda.ma\/fr\/amelioration-soutenue-des-indicateurs-des-telecommunications\/\">Cliquez ici pour lire l&rsquo;article depuis sa source.<\/a><\/p>\n","protected":false},"excerpt":{"rendered":"<p>Les indicateurs du secteur des t\u00e9l\u00e9communications poursuivent leur \u00e9volution favorable au terme du premier semestre 2021, selon la Direction des \u00e9tudes et des pr\u00e9visions financi\u00e8res (DEPF). Le secteur des t\u00e9l\u00e9communications tire profit de l\u2019essor de l\u2019e-commerce, du t\u00e9l\u00e9travail et de la formation \u00e0 distance, sous l\u2019effet de la persistance de la crise Covid-19, explique la [&hellip;]<\/p>\n","protected":false},"author":1788,"featured_media":0,"comment_status":"closed","ping_status":"closed","sticky":false,"template":"","format":"standard","meta":{"fifu_image_url":"http:\/\/www.mapoujda.ma\/map\/uploads\/2021\/09\/homme-en-train-de-communiquer-avec-son-t\u00e9l\u00e9phone-750\u00d7430-MAP.jpg","fifu_image_alt":"Am\u00e9lioration soutenue des indicateurs des t\u00e9l\u00e9communications","footnotes":""},"categories":[54,76],"tags":[],"class_list":["post-128024","post","type-post","status-publish","format-standard","hentry","category-maroc","category-regions"],"_links":{"self":[{"href":"https:\/\/linitiative.ca\/International\/wp-json\/wp\/v2\/posts\/128024","targetHints":{"allow":["GET"]}}],"collection":[{"href":"https:\/\/linitiative.ca\/International\/wp-json\/wp\/v2\/posts"}],"about":[{"href":"https:\/\/linitiative.ca\/International\/wp-json\/wp\/v2\/types\/post"}],"author":[{"embeddable":true,"href":"https:\/\/linitiative.ca\/International\/wp-json\/wp\/v2\/users\/1788"}],"replies":[{"embeddable":true,"href":"https:\/\/linitiative.ca\/International\/wp-json\/wp\/v2\/comments?post=128024"}],"version-history":[{"count":0,"href":"https:\/\/linitiative.ca\/International\/wp-json\/wp\/v2\/posts\/128024\/revisions"}],"wp:attachment":[{"href":"https:\/\/linitiative.ca\/International\/wp-json\/wp\/v2\/media?parent=128024"}],"wp:term":[{"taxonomy":"category","embeddable":true,"href":"https:\/\/linitiative.ca\/International\/wp-json\/wp\/v2\/categories?post=128024"},{"taxonomy":"post_tag","embeddable":true,"href":"https:\/\/linitiative.ca\/International\/wp-json\/wp\/v2\/tags?post=128024"}],"curies":[{"name":"wp","href":"https:\/\/api.w.org\/{rel}","templated":true}]}}