{"id":128026,"date":"2021-09-24T05:57:08","date_gmt":"2021-09-24T09:57:08","guid":{"rendered":"https:\/\/linitiative.ca\/International\/aziz-akhannouch-president-du-conseil-communal-dagadir\/"},"modified":"2021-09-24T05:57:08","modified_gmt":"2021-09-24T09:57:08","slug":"aziz-akhannouch-president-du-conseil-communal-dagadir","status":"publish","type":"post","link":"https:\/\/linitiative.ca\/International\/aziz-akhannouch-president-du-conseil-communal-dagadir\/","title":{"rendered":"Aziz Akhannouch, Pr\u00e9sident du conseil communal d&rsquo;Agadir"},"content":{"rendered":"<div>\n<div class=\"field field-name-body field-type-text-with-summary field-label-hidden\">\n<div class=\"field-items\">\n<div class=\"field-item even\" property=\"content:encoded\">\n<p class=\"rtejustify\">Aziz Akhannouch du Rassemblement National des Ind\u00e9pendants (RNI) a \u00e9t\u00e9 \u00e9lu vendredi, pr\u00e9sident du conseil communal d&rsquo;Agadir. M.Akhannouch a ainsi obtenu 51 voix sur les 61 que compte le Conseil et ce lors d&rsquo;une session pl\u00e9ni\u00e8re \u00e0 laquelle ont assist\u00e9 les repr\u00e9sentants des autorit\u00e9s publiques.<\/p>\n<\/div>\n<\/div>\n<\/div>\n<\/div>\n<p>Auteur: mbasraoui<br \/>\n<a href=\"https:\/\/www.leconomiste.com\/flash-infos\/aziz-akhannouch-president-du-conseil-communal-d-agadir\">Cliquez ici pour lire l&rsquo;article depuis sa source.<\/a><\/p>\n","protected":false},"excerpt":{"rendered":"<p>Aziz Akhannouch du Rassemblement National des Ind\u00e9pendants (RNI) a \u00e9t\u00e9 \u00e9lu vendredi, pr\u00e9sident du conseil communal d&rsquo;Agadir. M.Akhannouch a ainsi obtenu 51 voix sur les 61 que compte le Conseil et ce lors d&rsquo;une session pl\u00e9ni\u00e8re \u00e0 laquelle ont assist\u00e9 les repr\u00e9sentants des autorit\u00e9s publiques. Auteur: mbasraoui Cliquez ici pour lire l&rsquo;article depuis sa source.<\/p>\n","protected":false},"author":1763,"featured_media":0,"comment_status":"closed","ping_status":"closed","sticky":false,"template":"","format":"standard","meta":{"fifu_image_url":"","fifu_image_alt":"","footnotes":""},"categories":[78,54],"tags":[],"class_list":["post-128026","post","type-post","status-publish","format-standard","hentry","category-economie","category-maroc"],"_links":{"self":[{"href":"https:\/\/linitiative.ca\/International\/wp-json\/wp\/v2\/posts\/128026","targetHints":{"allow":["GET"]}}],"collection":[{"href":"https:\/\/linitiative.ca\/International\/wp-json\/wp\/v2\/posts"}],"about":[{"href":"https:\/\/linitiative.ca\/International\/wp-json\/wp\/v2\/types\/post"}],"author":[{"embeddable":true,"href":"https:\/\/linitiative.ca\/International\/wp-json\/wp\/v2\/users\/1763"}],"replies":[{"embeddable":true,"href":"https:\/\/linitiative.ca\/International\/wp-json\/wp\/v2\/comments?post=128026"}],"version-history":[{"count":0,"href":"https:\/\/linitiative.ca\/International\/wp-json\/wp\/v2\/posts\/128026\/revisions"}],"wp:attachment":[{"href":"https:\/\/linitiative.ca\/International\/wp-json\/wp\/v2\/media?parent=128026"}],"wp:term":[{"taxonomy":"category","embeddable":true,"href":"https:\/\/linitiative.ca\/International\/wp-json\/wp\/v2\/categories?post=128026"},{"taxonomy":"post_tag","embeddable":true,"href":"https:\/\/linitiative.ca\/International\/wp-json\/wp\/v2\/tags?post=128026"}],"curies":[{"name":"wp","href":"https:\/\/api.w.org\/{rel}","templated":true}]}}