{"id":128027,"date":"2021-09-24T06:35:45","date_gmt":"2021-09-24T10:35:45","guid":{"rendered":"https:\/\/linitiative.ca\/International\/asmaa-rhlalou-rni-a-la-tete-de-la-mairie-de-rabat\/"},"modified":"2021-09-24T06:35:45","modified_gmt":"2021-09-24T10:35:45","slug":"asmaa-rhlalou-rni-a-la-tete-de-la-mairie-de-rabat","status":"publish","type":"post","link":"https:\/\/linitiative.ca\/International\/asmaa-rhlalou-rni-a-la-tete-de-la-mairie-de-rabat\/","title":{"rendered":"Asmaa Rhlalou (RNI) \u00e0 la t\u00eate de la mairie de Rabat"},"content":{"rendered":"<div>\n<div class=\"field field-name-body field-type-text-with-summary field-label-hidden\">\n<div class=\"field-items\">\n<div class=\"field-item even\" property=\"content:encoded\">\n<p>C\u2019est officiel.\u00a0La pr\u00e9sidence de la mairie de la capitale du Royaume est confi\u00e9e \u00e0 Asmaa Rhlalou. La candidate du RNI a \u00e9t\u00e9 \u00e9lue, ce vendredi 24 septembre, maire de Rabat, avec 58 voix.\u00a0<\/p>\n<p>La s\u00e9ance de l\u2019\u00e9lection du pr\u00e9sident du conseil de la ville de Rabat s\u2019est tenue aujourd\u2019hui\u00a0au si\u00e8ge de la wilaya de Rabat-Sal\u00e9-K\u00e9nitra.<\/p>\n<\/div>\n<\/div>\n<\/div>\n<\/div>\n<p>Auteur: mbasraoui<br \/>\n<a href=\"https:\/\/www.leconomiste.com\/flash-infos\/asmaa-rhlalou-rni-la-tete-de-la-mairie-de-rabat\">Cliquez ici pour lire l&rsquo;article depuis sa source.<\/a><\/p>\n","protected":false},"excerpt":{"rendered":"<p>C\u2019est officiel.\u00a0La pr\u00e9sidence de la mairie de la capitale du Royaume est confi\u00e9e \u00e0 Asmaa Rhlalou. La candidate du RNI a \u00e9t\u00e9 \u00e9lue, ce vendredi 24 septembre, maire de Rabat, avec 58 voix.\u00a0 La s\u00e9ance de l\u2019\u00e9lection du pr\u00e9sident du conseil de la ville de Rabat s\u2019est tenue aujourd\u2019hui\u00a0au si\u00e8ge de la wilaya de Rabat-Sal\u00e9-K\u00e9nitra. [&hellip;]<\/p>\n","protected":false},"author":1763,"featured_media":0,"comment_status":"closed","ping_status":"closed","sticky":false,"template":"","format":"standard","meta":{"fifu_image_url":"","fifu_image_alt":"","footnotes":""},"categories":[78,54],"tags":[],"class_list":["post-128027","post","type-post","status-publish","format-standard","hentry","category-economie","category-maroc"],"_links":{"self":[{"href":"https:\/\/linitiative.ca\/International\/wp-json\/wp\/v2\/posts\/128027","targetHints":{"allow":["GET"]}}],"collection":[{"href":"https:\/\/linitiative.ca\/International\/wp-json\/wp\/v2\/posts"}],"about":[{"href":"https:\/\/linitiative.ca\/International\/wp-json\/wp\/v2\/types\/post"}],"author":[{"embeddable":true,"href":"https:\/\/linitiative.ca\/International\/wp-json\/wp\/v2\/users\/1763"}],"replies":[{"embeddable":true,"href":"https:\/\/linitiative.ca\/International\/wp-json\/wp\/v2\/comments?post=128027"}],"version-history":[{"count":0,"href":"https:\/\/linitiative.ca\/International\/wp-json\/wp\/v2\/posts\/128027\/revisions"}],"wp:attachment":[{"href":"https:\/\/linitiative.ca\/International\/wp-json\/wp\/v2\/media?parent=128027"}],"wp:term":[{"taxonomy":"category","embeddable":true,"href":"https:\/\/linitiative.ca\/International\/wp-json\/wp\/v2\/categories?post=128027"},{"taxonomy":"post_tag","embeddable":true,"href":"https:\/\/linitiative.ca\/International\/wp-json\/wp\/v2\/tags?post=128027"}],"curies":[{"name":"wp","href":"https:\/\/api.w.org\/{rel}","templated":true}]}}