{"id":128029,"date":"2021-09-24T09:53:05","date_gmt":"2021-09-24T13:53:05","guid":{"rendered":"https:\/\/linitiative.ca\/International\/la-berd-lue-et-le-gcf-sassocient-avec-bank-of-africa-bmce-group\/"},"modified":"2021-09-24T09:53:05","modified_gmt":"2021-09-24T13:53:05","slug":"la-berd-lue-et-le-gcf-sassocient-avec-bank-of-africa-bmce-group","status":"publish","type":"post","link":"https:\/\/linitiative.ca\/International\/la-berd-lue-et-le-gcf-sassocient-avec-bank-of-africa-bmce-group\/","title":{"rendered":"La BERD, l\u2019UE et le GCF s\u2019associent avec Bank of Africa BMCE Group"},"content":{"rendered":"<div>\n<div class=\"field field-name-body field-type-text-with-summary field-label-hidden\">\n<div class=\"field-items\">\n<div class=\"field-item even\" property=\"content:encoded\">\n<p class=\"rtejustify\">La Banque Europ\u00e9enne pour la Reconstruction et le D\u00e9veloppement (BERD) \u2013 soutenue par le Fonds Vert pour le climat (GCF) et l\u2019Union europ\u00e9enne (UE) a accord\u00e9 une enveloppe de 25 millions d\u2019Euros \u00e0 Bank of Africa \u2013 Groupe BMCE pour soutenir la transformation \u00e9cologique du Maroc, indique un communiqu\u00e9 de la BERD.<\/p>\n<p class=\"rtejustify\">L\u2019accord de pr\u00eat a \u00e9t\u00e9 sign\u00e9 par Brahim Benjelloun Touimi, administrateur-directeur g\u00e9n\u00e9ral ex\u00e9cutif, repr\u00e9sentant Bank of Africa \u2013 Groupe BMCE et Antoine Sall\u00e9 de Chou, Directeur pour le Maroc repr\u00e9sentant la BERD.<\/p>\n<\/div>\n<\/div>\n<\/div>\n<\/div>\n<p>Auteur: mbasraoui<br \/>\n<a href=\"https:\/\/www.leconomiste.com\/flash-infos\/la-berd-l-ue-et-le-gcf-s-associent-avec-bank-africa-bmce-group\">Cliquez ici pour lire l&rsquo;article depuis sa source.<\/a><\/p>\n","protected":false},"excerpt":{"rendered":"<p>La Banque Europ\u00e9enne pour la Reconstruction et le D\u00e9veloppement (BERD) \u2013 soutenue par le Fonds Vert pour le climat (GCF) et l\u2019Union europ\u00e9enne (UE) a accord\u00e9 une enveloppe de 25 millions d\u2019Euros \u00e0 Bank of Africa \u2013 Groupe BMCE pour soutenir la transformation \u00e9cologique du Maroc, indique un communiqu\u00e9 de la BERD. L\u2019accord de pr\u00eat [&hellip;]<\/p>\n","protected":false},"author":1763,"featured_media":0,"comment_status":"closed","ping_status":"closed","sticky":false,"template":"","format":"standard","meta":{"fifu_image_url":"","fifu_image_alt":"","footnotes":""},"categories":[78,54],"tags":[],"class_list":["post-128029","post","type-post","status-publish","format-standard","hentry","category-economie","category-maroc"],"_links":{"self":[{"href":"https:\/\/linitiative.ca\/International\/wp-json\/wp\/v2\/posts\/128029","targetHints":{"allow":["GET"]}}],"collection":[{"href":"https:\/\/linitiative.ca\/International\/wp-json\/wp\/v2\/posts"}],"about":[{"href":"https:\/\/linitiative.ca\/International\/wp-json\/wp\/v2\/types\/post"}],"author":[{"embeddable":true,"href":"https:\/\/linitiative.ca\/International\/wp-json\/wp\/v2\/users\/1763"}],"replies":[{"embeddable":true,"href":"https:\/\/linitiative.ca\/International\/wp-json\/wp\/v2\/comments?post=128029"}],"version-history":[{"count":0,"href":"https:\/\/linitiative.ca\/International\/wp-json\/wp\/v2\/posts\/128029\/revisions"}],"wp:attachment":[{"href":"https:\/\/linitiative.ca\/International\/wp-json\/wp\/v2\/media?parent=128029"}],"wp:term":[{"taxonomy":"category","embeddable":true,"href":"https:\/\/linitiative.ca\/International\/wp-json\/wp\/v2\/categories?post=128029"},{"taxonomy":"post_tag","embeddable":true,"href":"https:\/\/linitiative.ca\/International\/wp-json\/wp\/v2\/tags?post=128029"}],"curies":[{"name":"wp","href":"https:\/\/api.w.org\/{rel}","templated":true}]}}