{"id":128035,"date":"2021-09-24T14:26:00","date_gmt":"2021-09-24T18:26:00","guid":{"rendered":"https:\/\/linitiative.ca\/International\/ol-slimani-explique-ce-quil-apprecie-avec-peter-bosz\/"},"modified":"2021-09-24T14:26:00","modified_gmt":"2021-09-24T18:26:00","slug":"ol-slimani-explique-ce-quil-apprecie-avec-peter-bosz","status":"publish","type":"post","link":"https:\/\/linitiative.ca\/International\/ol-slimani-explique-ce-quil-apprecie-avec-peter-bosz\/","title":{"rendered":"OL : Slimani explique ce qu&rsquo;il appr\u00e9cie avec Peter Bosz"},"content":{"rendered":"<div>En conf\u00e9rence de presse, Islam Slimani a \u00e9voqu\u00e9 la patte Peter Bosz<img loading=\"lazy\" decoding=\"async\" src=\"http:\/\/feeds.feedburner.com\/~r\/GalerieFArtciles\/~4\/vOng5h9yM14\" height=\"1\" width=\"1\" alt=\"\"><\/div>\n<p>Auteur:<br \/>\n<a href=\"http:\/\/www.lebuteur.com\/article\/detail?titre=ol-slimani-explique-ce-quil-apprecie-avec-peter-bosz&#038;id=101160&#038;utm_source=feedburner&#038;utm_medium=feed&#038;utm_campaign=Feed%3A+GalerieFArtciles+%28Les+derniers+articles++-+lebuteur.com%29\">Cliquez ici pour lire l&rsquo;article depuis sa source.<\/a><\/p>\n","protected":false},"excerpt":{"rendered":"<p>En conf\u00e9rence de presse, Islam Slimani a \u00e9voqu\u00e9 la patte Peter Bosz Auteur: Cliquez ici pour lire l&rsquo;article depuis sa source.<\/p>\n","protected":false},"author":1738,"featured_media":0,"comment_status":"closed","ping_status":"closed","sticky":false,"template":"","format":"standard","meta":{"fifu_image_url":"http:\/\/feeds.feedburner.com\/~r\/GalerieFArtciles\/~4\/vOng5h9yM14","fifu_image_alt":"<div>OL : Slimani explique ce qu'il appr\u00e9cie avec Peter Bosz<\/div>","footnotes":""},"categories":[53,75],"tags":[],"class_list":["post-128035","post","type-post","status-publish","format-standard","hentry","category-algerie","category-sport"],"_links":{"self":[{"href":"https:\/\/linitiative.ca\/International\/wp-json\/wp\/v2\/posts\/128035","targetHints":{"allow":["GET"]}}],"collection":[{"href":"https:\/\/linitiative.ca\/International\/wp-json\/wp\/v2\/posts"}],"about":[{"href":"https:\/\/linitiative.ca\/International\/wp-json\/wp\/v2\/types\/post"}],"author":[{"embeddable":true,"href":"https:\/\/linitiative.ca\/International\/wp-json\/wp\/v2\/users\/1738"}],"replies":[{"embeddable":true,"href":"https:\/\/linitiative.ca\/International\/wp-json\/wp\/v2\/comments?post=128035"}],"version-history":[{"count":0,"href":"https:\/\/linitiative.ca\/International\/wp-json\/wp\/v2\/posts\/128035\/revisions"}],"wp:attachment":[{"href":"https:\/\/linitiative.ca\/International\/wp-json\/wp\/v2\/media?parent=128035"}],"wp:term":[{"taxonomy":"category","embeddable":true,"href":"https:\/\/linitiative.ca\/International\/wp-json\/wp\/v2\/categories?post=128035"},{"taxonomy":"post_tag","embeddable":true,"href":"https:\/\/linitiative.ca\/International\/wp-json\/wp\/v2\/tags?post=128035"}],"curies":[{"name":"wp","href":"https:\/\/api.w.org\/{rel}","templated":true}]}}