{"id":128038,"date":"2021-09-24T10:00:00","date_gmt":"2021-09-24T14:00:00","guid":{"rendered":"https:\/\/linitiative.ca\/International\/vie-et-mort-dun-fondateur-de-dynastie-hussein-bey-1er-1675-1740\/"},"modified":"2021-09-24T10:00:00","modified_gmt":"2021-09-24T14:00:00","slug":"vie-et-mort-dun-fondateur-de-dynastie-hussein-bey-1er-1675-1740","status":"publish","type":"post","link":"https:\/\/linitiative.ca\/International\/vie-et-mort-dun-fondateur-de-dynastie-hussein-bey-1er-1675-1740\/","title":{"rendered":"Vie et mort d\u2019un fondateur de dynastie: Husse\u00efn Bey 1er (1675-1740)"},"content":{"rendered":"<div><img decoding=\"async\" src=\"https:\/\/linitiative.ca\/International\/wp-content\/uploads\/sites\/23\/2021\/09\/1632475060_article.jpg\" alt=\"Vie et mort d\u2019un fondateur de dynastie: Husse\u00efn Bey 1er (1675-1740)\" align=\"left\">Par Mohamed-El Aziz Ben Achour &#8211; En l\u2019an 1675, dans la citadelle du Kef, naquit un gar\u00e7on que son p\u00e8re, l\u2019agha-gouverneur Ali Turki, pr\u00e9nomma Husse\u00efn. L\u2019enfant, Turc par son p\u00e8re, originaire de Cr\u00e8te, et autochtone par sa m\u00e8re qui appartenait \u00e0 la tribu b\u00e9douine des Charen, \u00e9tait appel\u00e9 \u00e0 un destin extraordinaire puisqu\u2019il acc\u00e9da au pouvoir en 1705 et fonda la dynastie des beys husse\u00efnites qui allait r\u00e9gner sur la Tunisie durant deux si\u00e8cles et demi jusqu\u2019\u00e0 la proclamation de la r\u00e9publique, le 25 juillet 1957.<br \/>\nDans ce XVIIe si\u00e8cle finissant, la situation politique \u00e9tait particuli\u00e8rement agit\u00e9e. Certes, l\u2019exp\u00e9rience dynastique entreprise par la famille des &#8230;<\/p>\n<\/div>\n<p>Auteur:<br \/>\n<a href=\"https:\/\/www.leaders.com.tn\/article\/32445-vie-et-mort-d-un-fondateur-de-dynastie-hussein-bey-1er-1675-1740\">Cliquez ici pour lire l&rsquo;article depuis sa source.<\/a><\/p>\n","protected":false},"excerpt":{"rendered":"<p>Par Mohamed-El Aziz Ben Achour &#8211; En l\u2019an 1675, dans la citadelle du Kef, naquit un gar\u00e7on que son p\u00e8re, l\u2019agha-gouverneur Ali Turki, pr\u00e9nomma Husse\u00efn. L\u2019enfant, Turc par son p\u00e8re, originaire de Cr\u00e8te, et autochtone par sa m\u00e8re qui appartenait \u00e0 la tribu b\u00e9douine des Charen, \u00e9tait appel\u00e9 \u00e0 un destin extraordinaire puisqu\u2019il acc\u00e9da au [&hellip;]<\/p>\n","protected":false},"author":1772,"featured_media":0,"comment_status":"closed","ping_status":"closed","sticky":false,"template":"","format":"standard","meta":{"fifu_image_url":"http:\/\/www.leaders.com.tn\/uploads\/content\/thumbnails_small\/1632475060_article.jpg","fifu_image_alt":"Vie et mort d\u2019un fondateur de dynastie: Husse\u00efn Bey 1er (1675-1740)","footnotes":""},"categories":[73,55],"tags":[],"class_list":["post-128038","post","type-post","status-publish","format-standard","hentry","category-actualite","category-tunisie"],"_links":{"self":[{"href":"https:\/\/linitiative.ca\/International\/wp-json\/wp\/v2\/posts\/128038","targetHints":{"allow":["GET"]}}],"collection":[{"href":"https:\/\/linitiative.ca\/International\/wp-json\/wp\/v2\/posts"}],"about":[{"href":"https:\/\/linitiative.ca\/International\/wp-json\/wp\/v2\/types\/post"}],"author":[{"embeddable":true,"href":"https:\/\/linitiative.ca\/International\/wp-json\/wp\/v2\/users\/1772"}],"replies":[{"embeddable":true,"href":"https:\/\/linitiative.ca\/International\/wp-json\/wp\/v2\/comments?post=128038"}],"version-history":[{"count":0,"href":"https:\/\/linitiative.ca\/International\/wp-json\/wp\/v2\/posts\/128038\/revisions"}],"wp:attachment":[{"href":"https:\/\/linitiative.ca\/International\/wp-json\/wp\/v2\/media?parent=128038"}],"wp:term":[{"taxonomy":"category","embeddable":true,"href":"https:\/\/linitiative.ca\/International\/wp-json\/wp\/v2\/categories?post=128038"},{"taxonomy":"post_tag","embeddable":true,"href":"https:\/\/linitiative.ca\/International\/wp-json\/wp\/v2\/tags?post=128038"}],"curies":[{"name":"wp","href":"https:\/\/api.w.org\/{rel}","templated":true}]}}