{"id":128044,"date":"2021-09-24T14:22:02","date_gmt":"2021-09-24T18:22:02","guid":{"rendered":"https:\/\/linitiative.ca\/International\/ceux-qui-presideront-aux-destinees-de-nos-regions\/"},"modified":"2021-09-24T14:22:02","modified_gmt":"2021-09-24T18:22:02","slug":"ceux-qui-presideront-aux-destinees-de-nos-regions","status":"publish","type":"post","link":"https:\/\/linitiative.ca\/International\/ceux-qui-presideront-aux-destinees-de-nos-regions\/","title":{"rendered":"Ceux qui pr\u00e9sideront aux destin\u00e9es de nos r\u00e9gions"},"content":{"rendered":"<div><img decoding=\"async\" width=\"2518\" height=\"1111\" src=\"https:\/\/linitiative.ca\/International\/wp-content\/uploads\/sites\/23\/2021\/09\/region-dossier-1.jpg\" class=\"attachment-post-thumbnail size-post-thumbnail wp-post-image\" alt=\"\" loading=\"lazy\" srcset=\"https:\/\/linitiative.ca\/International\/wp-content\/uploads\/sites\/23\/2021\/09\/region-dossier-1.jpg 2518w, https:\/\/www.challenge.ma\/wp-content\/uploads\/2021\/09\/region-dossier-1-300x132.jpg 300w, https:\/\/www.challenge.ma\/wp-content\/uploads\/2021\/09\/region-dossier-1-1024x452.jpg 1024w, https:\/\/www.challenge.ma\/wp-content\/uploads\/2021\/09\/region-dossier-1-768x339.jpg 768w, https:\/\/www.challenge.ma\/wp-content\/uploads\/2021\/09\/region-dossier-1-1536x678.jpg 1536w, https:\/\/www.challenge.ma\/wp-content\/uploads\/2021\/09\/region-dossier-1-2048x904.jpg 2048w, https:\/\/www.challenge.ma\/wp-content\/uploads\/2021\/09\/region-dossier-1-360x159.jpg 360w, https:\/\/www.challenge.ma\/wp-content\/uploads\/2021\/09\/region-dossier-1-750x331.jpg 750w\" sizes=\"auto, (max-width: 2518px) 100vw, 2518px\" itemprop=\"image\">A l\u2019issue des \u00e9lections r\u00e9gionales, les nouveaux pr\u00e9sidents des r\u00e9gions ont \u00e9t\u00e9 d\u00e9sign\u00e9s. Qui sont-ils\u2009? Mini-portraits des personnalit\u00e9s qui dirigeront nos r\u00e9gions pour les 5 prochaines ann\u00e9es. Abdellatif Ma\u00e2zouz Pr\u00e9sident de la R\u00e9gion Casablanca-Settat Cet ancien ministre du Commerce Ext\u00e9rieur, Pr\u00e9sident de l\u2019Alliance des \u00e9conomistes istiqlaliens et Pr\u00e9sident de l\u2019association<\/div>\n<p>Auteur: challenge<br \/>\n<a href=\"https:\/\/www.challenge.ma\/ceux-qui-presideront-aux-destinees-de-nos-regions-221678\/\">Cliquez ici pour lire l&rsquo;article depuis sa source.<\/a><\/p>\n","protected":false},"excerpt":{"rendered":"<p>A l\u2019issue des \u00e9lections r\u00e9gionales, les nouveaux pr\u00e9sidents des r\u00e9gions ont \u00e9t\u00e9 d\u00e9sign\u00e9s. Qui sont-ils\u2009? Mini-portraits des personnalit\u00e9s qui dirigeront nos r\u00e9gions pour les 5 prochaines ann\u00e9es. Abdellatif Ma\u00e2zouz Pr\u00e9sident de la R\u00e9gion Casablanca-Settat Cet ancien ministre du Commerce Ext\u00e9rieur, Pr\u00e9sident de l\u2019Alliance des \u00e9conomistes istiqlaliens et Pr\u00e9sident de l\u2019association Auteur: challenge Cliquez ici pour [&hellip;]<\/p>\n","protected":false},"author":1787,"featured_media":0,"comment_status":"closed","ping_status":"closed","sticky":false,"template":"","format":"standard","meta":{"fifu_image_url":"https:\/\/www.challenge.ma\/wp-content\/uploads\/2021\/09\/region-dossier-1.jpg","fifu_image_alt":"Ceux qui pr\u00e9sideront aux destin\u00e9es de nos r\u00e9gions","footnotes":""},"categories":[78,54],"tags":[],"class_list":["post-128044","post","type-post","status-publish","format-standard","hentry","category-economie","category-maroc"],"_links":{"self":[{"href":"https:\/\/linitiative.ca\/International\/wp-json\/wp\/v2\/posts\/128044","targetHints":{"allow":["GET"]}}],"collection":[{"href":"https:\/\/linitiative.ca\/International\/wp-json\/wp\/v2\/posts"}],"about":[{"href":"https:\/\/linitiative.ca\/International\/wp-json\/wp\/v2\/types\/post"}],"author":[{"embeddable":true,"href":"https:\/\/linitiative.ca\/International\/wp-json\/wp\/v2\/users\/1787"}],"replies":[{"embeddable":true,"href":"https:\/\/linitiative.ca\/International\/wp-json\/wp\/v2\/comments?post=128044"}],"version-history":[{"count":0,"href":"https:\/\/linitiative.ca\/International\/wp-json\/wp\/v2\/posts\/128044\/revisions"}],"wp:attachment":[{"href":"https:\/\/linitiative.ca\/International\/wp-json\/wp\/v2\/media?parent=128044"}],"wp:term":[{"taxonomy":"category","embeddable":true,"href":"https:\/\/linitiative.ca\/International\/wp-json\/wp\/v2\/categories?post=128044"},{"taxonomy":"post_tag","embeddable":true,"href":"https:\/\/linitiative.ca\/International\/wp-json\/wp\/v2\/tags?post=128044"}],"curies":[{"name":"wp","href":"https:\/\/api.w.org\/{rel}","templated":true}]}}