{"id":128048,"date":"2021-09-24T17:04:41","date_gmt":"2021-09-24T21:04:41","guid":{"rendered":"https:\/\/linitiative.ca\/International\/archeologie-une-nouvelle-espece-de-dinosaure-decouverte-au-maroc\/"},"modified":"2021-09-24T17:04:41","modified_gmt":"2021-09-24T21:04:41","slug":"archeologie-une-nouvelle-espece-de-dinosaure-decouverte-au-maroc","status":"publish","type":"post","link":"https:\/\/linitiative.ca\/International\/archeologie-une-nouvelle-espece-de-dinosaure-decouverte-au-maroc\/","title":{"rendered":"Arch\u00e9ologie. Une nouvelle esp\u00e8ce de dinosaure d\u00e9couverte au Maroc"},"content":{"rendered":"<div><img decoding=\"async\" width=\"540\" height=\"342\" src=\"https:\/\/linitiative.ca\/International\/wp-content\/uploads\/sites\/23\/2021\/09\/dino.jpeg\" class=\"attachment-post-thumbnail size-post-thumbnail wp-post-image\" alt=\"\" loading=\"lazy\" srcset=\"https:\/\/linitiative.ca\/International\/wp-content\/uploads\/sites\/23\/2021\/09\/dino.jpeg 540w, https:\/\/www.challenge.ma\/wp-content\/uploads\/2021\/09\/dino-300x190.jpeg 300w, https:\/\/www.challenge.ma\/wp-content\/uploads\/2021\/09\/dino-360x228.jpeg 360w\" sizes=\"auto, (max-width: 540px) 100vw, 540px\" itemprop=\"image\">C\u2019est une d\u00e9couverte in\u00e9dite. Une \u00e9quipe de chercheurs internationaux vient de d\u00e9couvrir une nouvelle esp\u00e8ce de dinosaure au Maroc. Les recherches pal\u00e9ontologiques associ\u00e9es aux datations radiom\u00e9triques r\u00e9v\u00e8lent que son apparition date de 167 \u00e0 163 millions d\u2019ann\u00e9es. Il s\u2019agit d\u2019une nouvelle esp\u00e8ce d\u2019ankylosaure, un \u00e9norme animal poss\u00e9dant une \u00e9paisse carapace<\/div>\n<p>Auteur: challenge<br \/>\n<a href=\"https:\/\/www.challenge.ma\/archeologie-une-nouvelle-espece-de-dinosaure-decouverte-au-maroc-221680\/\">Cliquez ici pour lire l&rsquo;article depuis sa source.<\/a><\/p>\n","protected":false},"excerpt":{"rendered":"<p>C\u2019est une d\u00e9couverte in\u00e9dite. Une \u00e9quipe de chercheurs internationaux vient de d\u00e9couvrir une nouvelle esp\u00e8ce de dinosaure au Maroc. Les recherches pal\u00e9ontologiques associ\u00e9es aux datations radiom\u00e9triques r\u00e9v\u00e8lent que son apparition date de 167 \u00e0 163 millions d\u2019ann\u00e9es. Il s\u2019agit d\u2019une nouvelle esp\u00e8ce d\u2019ankylosaure, un \u00e9norme animal poss\u00e9dant une \u00e9paisse carapace Auteur: challenge Cliquez ici pour [&hellip;]<\/p>\n","protected":false},"author":1787,"featured_media":0,"comment_status":"closed","ping_status":"closed","sticky":false,"template":"","format":"standard","meta":{"fifu_image_url":"https:\/\/www.challenge.ma\/wp-content\/uploads\/2021\/09\/dino.jpeg","fifu_image_alt":"Arch\u00e9ologie. Une nouvelle esp\u00e8ce de dinosaure d\u00e9couverte au Maroc","footnotes":""},"categories":[78,54],"tags":[],"class_list":["post-128048","post","type-post","status-publish","format-standard","hentry","category-economie","category-maroc"],"_links":{"self":[{"href":"https:\/\/linitiative.ca\/International\/wp-json\/wp\/v2\/posts\/128048","targetHints":{"allow":["GET"]}}],"collection":[{"href":"https:\/\/linitiative.ca\/International\/wp-json\/wp\/v2\/posts"}],"about":[{"href":"https:\/\/linitiative.ca\/International\/wp-json\/wp\/v2\/types\/post"}],"author":[{"embeddable":true,"href":"https:\/\/linitiative.ca\/International\/wp-json\/wp\/v2\/users\/1787"}],"replies":[{"embeddable":true,"href":"https:\/\/linitiative.ca\/International\/wp-json\/wp\/v2\/comments?post=128048"}],"version-history":[{"count":0,"href":"https:\/\/linitiative.ca\/International\/wp-json\/wp\/v2\/posts\/128048\/revisions"}],"wp:attachment":[{"href":"https:\/\/linitiative.ca\/International\/wp-json\/wp\/v2\/media?parent=128048"}],"wp:term":[{"taxonomy":"category","embeddable":true,"href":"https:\/\/linitiative.ca\/International\/wp-json\/wp\/v2\/categories?post=128048"},{"taxonomy":"post_tag","embeddable":true,"href":"https:\/\/linitiative.ca\/International\/wp-json\/wp\/v2\/tags?post=128048"}],"curies":[{"name":"wp","href":"https:\/\/api.w.org\/{rel}","templated":true}]}}