{"id":128053,"date":"2021-09-24T16:06:01","date_gmt":"2021-09-24T20:06:01","guid":{"rendered":"https:\/\/linitiative.ca\/International\/tunisie-la-diplomatie-tunisienne-malmenee-apres-le-25-juillet\/"},"modified":"2021-09-24T16:06:01","modified_gmt":"2021-09-24T20:06:01","slug":"tunisie-la-diplomatie-tunisienne-malmenee-apres-le-25-juillet","status":"publish","type":"post","link":"https:\/\/linitiative.ca\/International\/tunisie-la-diplomatie-tunisienne-malmenee-apres-le-25-juillet\/","title":{"rendered":"Tunisie \u2013 La diplomatie tunisienne malmen\u00e9e apr\u00e8s le 25 juillet"},"content":{"rendered":"<div>\n<p>La diplomatie tunisienne est au plus mal, depuis le 25 juillet dernier. La contre offensive des partis politiques \u00e0 l\u2019action de Sa\u00efed, et notamment, les islamistes, et le lobbying op\u00e9r\u00e9 par eux, d\u2019un c\u00f4t\u00e9, et les h\u00e9sitations de la pr\u00e9sidence de la R\u00e9publique, ont pouss\u00e9 les puissances \u00e9trang\u00e8res \u00e0 prendre les \u00ab\u00a0choses en main\u00a0\u00bb, et [\u2026]<\/p>\n<p>L\u2019article <a href=\"https:\/\/www.tunisienumerique.com\/tunisie-la-diplomatie-tunisienne-malmenee-apres-le-25-juillet\/\">Tunisie \u2013 La diplomatie tunisienne malmen\u00e9e apr\u00e8s le 25 juillet<\/a> est apparu en premier sur <a href=\"http:\/\/www.tunisienumerique.com\/\">Tunisie<\/a>.<\/p>\n<\/div>\n<p>Auteur: Saber .<br \/>\n<a href=\"https:\/\/www.tunisienumerique.com\/tunisie-la-diplomatie-tunisienne-malmenee-apres-le-25-juillet\/\">Cliquez ici pour lire l&rsquo;article depuis sa source.<\/a><\/p>\n","protected":false},"excerpt":{"rendered":"<p>La diplomatie tunisienne est au plus mal, depuis le 25 juillet dernier. La contre offensive des partis politiques \u00e0 l\u2019action de Sa\u00efed, et notamment, les islamistes, et le lobbying op\u00e9r\u00e9 par eux, d\u2019un c\u00f4t\u00e9, et les h\u00e9sitations de la pr\u00e9sidence de la R\u00e9publique, ont pouss\u00e9 les puissances \u00e9trang\u00e8res \u00e0 prendre les \u00ab\u00a0choses en main\u00a0\u00bb, et [&hellip;]<\/p>\n","protected":false},"author":1789,"featured_media":0,"comment_status":"closed","ping_status":"closed","sticky":false,"template":"","format":"standard","meta":{"fifu_image_url":"","fifu_image_alt":"","footnotes":""},"categories":[73,55],"tags":[],"class_list":["post-128053","post","type-post","status-publish","format-standard","hentry","category-actualite","category-tunisie"],"_links":{"self":[{"href":"https:\/\/linitiative.ca\/International\/wp-json\/wp\/v2\/posts\/128053","targetHints":{"allow":["GET"]}}],"collection":[{"href":"https:\/\/linitiative.ca\/International\/wp-json\/wp\/v2\/posts"}],"about":[{"href":"https:\/\/linitiative.ca\/International\/wp-json\/wp\/v2\/types\/post"}],"author":[{"embeddable":true,"href":"https:\/\/linitiative.ca\/International\/wp-json\/wp\/v2\/users\/1789"}],"replies":[{"embeddable":true,"href":"https:\/\/linitiative.ca\/International\/wp-json\/wp\/v2\/comments?post=128053"}],"version-history":[{"count":0,"href":"https:\/\/linitiative.ca\/International\/wp-json\/wp\/v2\/posts\/128053\/revisions"}],"wp:attachment":[{"href":"https:\/\/linitiative.ca\/International\/wp-json\/wp\/v2\/media?parent=128053"}],"wp:term":[{"taxonomy":"category","embeddable":true,"href":"https:\/\/linitiative.ca\/International\/wp-json\/wp\/v2\/categories?post=128053"},{"taxonomy":"post_tag","embeddable":true,"href":"https:\/\/linitiative.ca\/International\/wp-json\/wp\/v2\/tags?post=128053"}],"curies":[{"name":"wp","href":"https:\/\/api.w.org\/{rel}","templated":true}]}}