{"id":128054,"date":"2021-09-24T16:20:36","date_gmt":"2021-09-24T20:20:36","guid":{"rendered":"https:\/\/linitiative.ca\/International\/lonu-appelle-kais-saied-a-instaurer-un-dialogue-inclusif\/"},"modified":"2021-09-24T16:20:36","modified_gmt":"2021-09-24T20:20:36","slug":"lonu-appelle-kais-saied-a-instaurer-un-dialogue-inclusif","status":"publish","type":"post","link":"https:\/\/linitiative.ca\/International\/lonu-appelle-kais-saied-a-instaurer-un-dialogue-inclusif\/","title":{"rendered":"L\u2019ONU appelle Ka\u00efs Sa\u00efed \u00e0 instaurer un dialogue inclusif"},"content":{"rendered":"<div>\n<p>Les Nations unies ont exhort\u00e9, jeudi, les parties tunisiennes \u00e0 engager un dialogue inclusif \u00ab conforme aux valeurs d\u00e9mocratiques \u00bb, afin de r\u00e9soudre les questions en suspens dans le pays. C\u2019est ce qui ressort d\u2019une conf\u00e9rence de presse tenue par St\u00e9phane Dujarric, porte-parole du Secr\u00e9taire g\u00e9n\u00e9ral, Antonio Guterres, au si\u00e8ge permanent des Nations Unies \u00e0 [\u2026]<\/p>\n<p>L\u2019article <a href=\"https:\/\/www.tunisienumerique.com\/lonu-appelle-kais-saied-a-instaurer-un-dialogue-inclusif\/\">L\u2019ONU appelle Ka\u00efs Sa\u00efed \u00e0 instaurer un dialogue inclusif<\/a> est apparu en premier sur <a href=\"http:\/\/www.tunisienumerique.com\/\">Tunisie<\/a>.<\/p>\n<\/div>\n<p>Auteur: LM<br \/>\n<a href=\"https:\/\/www.tunisienumerique.com\/lonu-appelle-kais-saied-a-instaurer-un-dialogue-inclusif\/\">Cliquez ici pour lire l&rsquo;article depuis sa source.<\/a><\/p>\n","protected":false},"excerpt":{"rendered":"<p>Les Nations unies ont exhort\u00e9, jeudi, les parties tunisiennes \u00e0 engager un dialogue inclusif \u00ab conforme aux valeurs d\u00e9mocratiques \u00bb, afin de r\u00e9soudre les questions en suspens dans le pays. C\u2019est ce qui ressort d\u2019une conf\u00e9rence de presse tenue par St\u00e9phane Dujarric, porte-parole du Secr\u00e9taire g\u00e9n\u00e9ral, Antonio Guterres, au si\u00e8ge permanent des Nations Unies \u00e0 [&hellip;]<\/p>\n","protected":false},"author":1789,"featured_media":0,"comment_status":"closed","ping_status":"closed","sticky":false,"template":"","format":"standard","meta":{"fifu_image_url":"","fifu_image_alt":"","footnotes":""},"categories":[73,55],"tags":[],"class_list":["post-128054","post","type-post","status-publish","format-standard","hentry","category-actualite","category-tunisie"],"_links":{"self":[{"href":"https:\/\/linitiative.ca\/International\/wp-json\/wp\/v2\/posts\/128054","targetHints":{"allow":["GET"]}}],"collection":[{"href":"https:\/\/linitiative.ca\/International\/wp-json\/wp\/v2\/posts"}],"about":[{"href":"https:\/\/linitiative.ca\/International\/wp-json\/wp\/v2\/types\/post"}],"author":[{"embeddable":true,"href":"https:\/\/linitiative.ca\/International\/wp-json\/wp\/v2\/users\/1789"}],"replies":[{"embeddable":true,"href":"https:\/\/linitiative.ca\/International\/wp-json\/wp\/v2\/comments?post=128054"}],"version-history":[{"count":0,"href":"https:\/\/linitiative.ca\/International\/wp-json\/wp\/v2\/posts\/128054\/revisions"}],"wp:attachment":[{"href":"https:\/\/linitiative.ca\/International\/wp-json\/wp\/v2\/media?parent=128054"}],"wp:term":[{"taxonomy":"category","embeddable":true,"href":"https:\/\/linitiative.ca\/International\/wp-json\/wp\/v2\/categories?post=128054"},{"taxonomy":"post_tag","embeddable":true,"href":"https:\/\/linitiative.ca\/International\/wp-json\/wp\/v2\/tags?post=128054"}],"curies":[{"name":"wp","href":"https:\/\/api.w.org\/{rel}","templated":true}]}}