{"id":128055,"date":"2021-09-23T20:13:41","date_gmt":"2021-09-24T00:13:41","guid":{"rendered":"https:\/\/linitiative.ca\/International\/bassin-de-la-volta-des-formations-pour-une-meilleure-gestion-des-inondations\/"},"modified":"2021-09-23T20:13:41","modified_gmt":"2021-09-24T00:13:41","slug":"bassin-de-la-volta-des-formations-pour-une-meilleure-gestion-des-inondations","status":"publish","type":"post","link":"https:\/\/linitiative.ca\/International\/bassin-de-la-volta-des-formations-pour-une-meilleure-gestion-des-inondations\/","title":{"rendered":"Bassin de la Volta : des formations pour une  meilleure gestion des inondations"},"content":{"rendered":"<div>\n<p><strong>L\u2019Autorit\u00e9 du bassin de la Volta (ABV) a organis\u00e9 du 21 au 23 septembre 2021 \u00e0 Bobo-Dioulasso, un atelier national de renforcement des capacit\u00e9s et de production des cartes de risques des inondations et de s\u00e9cheresse dans le bassin de la Volta. La formation visait \u00e0 doter les techniciens en la mati\u00e8re, d\u2019outils de pr\u00e9vention et de gestion de ces ph\u00e9nom\u00e8nes hydroclimatiques.<\/strong><\/p>\n<p>Le bassin de la Volta au Burkina couvre une superficie de 171\u00a0105 km2 et est dra\u00een\u00e9 par les affluents du Mouhoun, du Nakanb\u00e9 et du Nazinon. Ces bassins fluviaux, \u00e0 l\u2019instar des autres du continent, connaissent les effets n\u00e9fastes du changement climatique qui se caract\u00e9rise, entre autres, par des ph\u00e9nom\u00e8nes extr\u00eames tels que les inondations et les s\u00e9cheresses avec pour corollaires des d\u00e9g\u00e2ts mat\u00e9riels et humains. C\u2019est en vue d\u2019\u00e9viter ces risques climatiques sur les \u00e9cosyst\u00e8mes et les populations que l\u2019Autorit\u00e9 du bassin de la Volta (ABV) a organis\u00e9 du 21 au 23 septembre 2021 \u00e0 Bobo-Dioulasso, un atelier national de renforcement des capacit\u00e9s et de production des cartes de risques des inondations et de s\u00e9cheresse dans le bassin de la Volta.<\/p>\n<p>L\u2019atelier s\u2019inscrit dans le cadre du projet \u00ab\u00a0int\u00e9grer la gestion des inondations et de la s\u00e9cheresse et l\u2019alerte pr\u00e9coce pour l\u2019adaptation au changement climatique dans le bassin de la Volta\u00a0\u00bb. Deuxi\u00e8me du genre apr\u00e8s la formation en ligne des six pays du bassin de la Volta, \u00e0 savoir le B\u00e9nin, le Burkina Faso, la C\u00f4te-d\u2019Ivoire, le Ghana, le Mali et le Togo, l\u2019atelier de Bobo-Dioulasso est financ\u00e9 par le Fonds d\u2019adaptation et mis en \u0153uvre par l\u2019Organisation m\u00e9t\u00e9orologique mondiale, (OMM), l\u2019Autorit\u00e9 du bassin de la Volta et le partenariat mondial de l\u2019eau en Afrique de l\u2019Ouest (GWP-AO). Cette formation dont l\u2019ouverture a eu lieu le 21 septembre 2021 a pour objectifs, entre autres, de d\u00e9velopper les connaissances de ces techniciens sur l\u2019\u00e9valuation de la vuln\u00e9rabilit\u00e9 et de l\u2019impact des inondations ainsi que l\u2019exposition \u00e0 la s\u00e9cheresse.<\/p>\n<p>Le directeur ex\u00e9cutif de l\u2019Autorit\u00e9 du bassin de la Volta, Yaovi Robert Dessouassi, a invit\u00e9 les participants \u00e0 s\u2019approprier les m\u00e9thodes et les outils qui seront pr\u00e9sent\u00e9s afin de parvenir \u00e0 une meilleure gestion des crues et des inondations dans le bassin de la Volta au Burkina. C\u2019est le m\u00eame message que le repr\u00e9sentant de la Direction g\u00e9n\u00e9rale des ressources en eau, G\u00e9rard Zongo, a lanc\u00e9 aux techniciens.<\/p>\n<p style=\"text-align: right\"><strong>Adaman DRABO <\/strong><\/p>\n<p>L\u2019article <a rel=\"nofollow\" href=\"https:\/\/www.sidwaya.info\/blog\/2021\/09\/24\/bassin-de-la-volta-des-formations-pour-une-meilleure-gestion-des-inondations\/\">Bassin de la Volta : des formations pour une  meilleure gestion des inondations<\/a> est apparu en premier sur <a rel=\"nofollow\" href=\"https:\/\/www.sidwaya.info\/\">Quotidien Sidwaya<\/a>.<\/p>\n<\/div>\n<p>Auteur: JK. Sidwaya<br \/>\n<a href=\"https:\/\/www.sidwaya.info\/blog\/2021\/09\/24\/bassin-de-la-volta-des-formations-pour-une-meilleure-gestion-des-inondations\/\">Cliquez ici pour lire l&rsquo;article depuis sa source.<\/a><\/p>\n","protected":false},"excerpt":{"rendered":"<p>L\u2019Autorit\u00e9 du bassin de la Volta (ABV) a organis\u00e9 du 21 au 23 septembre 2021 \u00e0 Bobo-Dioulasso, un atelier national de renforcement des capacit\u00e9s et de production des cartes de risques des inondations et de s\u00e9cheresse dans le bassin de la Volta. La formation visait \u00e0 doter les techniciens en la mati\u00e8re, d\u2019outils de pr\u00e9vention [&hellip;]<\/p>\n","protected":false},"author":1816,"featured_media":0,"comment_status":"closed","ping_status":"closed","sticky":false,"template":"","format":"standard","meta":{"fifu_image_url":"","fifu_image_alt":"","footnotes":""},"categories":[73,81],"tags":[],"class_list":["post-128055","post","type-post","status-publish","format-standard","hentry","category-actualite","category-burkina-faso"],"_links":{"self":[{"href":"https:\/\/linitiative.ca\/International\/wp-json\/wp\/v2\/posts\/128055","targetHints":{"allow":["GET"]}}],"collection":[{"href":"https:\/\/linitiative.ca\/International\/wp-json\/wp\/v2\/posts"}],"about":[{"href":"https:\/\/linitiative.ca\/International\/wp-json\/wp\/v2\/types\/post"}],"author":[{"embeddable":true,"href":"https:\/\/linitiative.ca\/International\/wp-json\/wp\/v2\/users\/1816"}],"replies":[{"embeddable":true,"href":"https:\/\/linitiative.ca\/International\/wp-json\/wp\/v2\/comments?post=128055"}],"version-history":[{"count":0,"href":"https:\/\/linitiative.ca\/International\/wp-json\/wp\/v2\/posts\/128055\/revisions"}],"wp:attachment":[{"href":"https:\/\/linitiative.ca\/International\/wp-json\/wp\/v2\/media?parent=128055"}],"wp:term":[{"taxonomy":"category","embeddable":true,"href":"https:\/\/linitiative.ca\/International\/wp-json\/wp\/v2\/categories?post=128055"},{"taxonomy":"post_tag","embeddable":true,"href":"https:\/\/linitiative.ca\/International\/wp-json\/wp\/v2\/tags?post=128055"}],"curies":[{"name":"wp","href":"https:\/\/api.w.org\/{rel}","templated":true}]}}