{"id":128056,"date":"2021-09-24T08:52:47","date_gmt":"2021-09-24T12:52:47","guid":{"rendered":"https:\/\/linitiative.ca\/International\/cedeao-ledition-2021-du-programme-dimmersion-des-jeunes-diplomes-lancee\/"},"modified":"2021-09-24T08:52:47","modified_gmt":"2021-09-24T12:52:47","slug":"cedeao-ledition-2021-du-programme-dimmersion-des-jeunes-diplomes-lancee","status":"publish","type":"post","link":"https:\/\/linitiative.ca\/International\/cedeao-ledition-2021-du-programme-dimmersion-des-jeunes-diplomes-lancee\/","title":{"rendered":"CEDEAO\u00a0: L\u2019\u00e9dition 2021 du Programme d\u2019immersion des jeunes dipl\u00f4m\u00e9s lanc\u00e9e"},"content":{"rendered":"<div>\n<p>L\u2019\u00e9dition 2021 du Programme d\u2019immersion des jeunes dipl\u00f4m\u00e9s dans les institutions de la CEDEAO, a \u00e9t\u00e9 lanc\u00e9e le jeudi 23 septembre 2021 \u00e0 Lagos, au Nig\u00e9ria, par une session de travail du Comit\u00e9 technique de s\u00e9lection des b\u00e9n\u00e9ficiaires. Pour la pr\u00e9sente \u00e9dition, le Comit\u00e9 est charg\u00e9 d\u2019identifier 60 b\u00e9n\u00e9ficiaires du programme sur plus de 5300 candidatures re\u00e7ues \u00e0 la suite d\u2019un appel \u00e0 candidature lance sur le site Web de la CEDEAO.<\/p>\n<p>Le Commissaire en charge de l\u2019Education de la CEDEAO, Dr Mamadou JAO, qui a pr\u00e9sid\u00e9 la c\u00e9r\u00e9monie d\u2019ouverture de la session a sollicit\u00e9 l\u2019implication de chaque membre du Comit\u00e9 afin que le processus puisse refl\u00e9ter l\u2019esprit d\u2019objectivit\u00e9 de cr\u00e9dibilit\u00e9 et de transparence dans le respect rigoureux des crit\u00e8res de s\u00e9lection. Il a par ailleurs souhait\u00e9 que l\u2019\u00e9quit\u00e9 genre soit respect\u00e9e et qu\u2019une r\u00e9partition permette \u00e0 tous membres d\u2019\u00eatre b\u00e9n\u00e9ficiaires du programme<\/p>\n<p>Mis en place depuis 2017, par la CEDEAO, le programme offre la possibilit\u00e9 aux jeunes dipl\u00f4mes, \u00e2g\u00e9s d\u2019au plus 30 ans et provenant des 15 Etats membres de la CEDEAO, de faire un stage professionnel d\u2019un an dans les Institutions et Agences de la CEDEAO. Il a pour objectif de participer \u00e0 l\u2019insertion professionnelle des jeunes dipl\u00f4m\u00e9s en leur offrant l\u2019opportunit\u00e9 de mieux conna\u00eetre l\u2019Institution.<\/p>\n<p>AB<\/p>\n<p>Source\u00a0: Economic Community of West African States (ECOWAS)<\/p>\n<p>\u00a0<\/p>\n<p>L\u2019article <a rel=\"nofollow\" href=\"https:\/\/www.sidwaya.info\/blog\/2021\/09\/24\/cedeao-ledition-2021-du-programme-dimmersion-des-jeunes-diplomes-lancee\/\">CEDEAO\u00a0: L\u2019\u00e9dition 2021 du Programme d\u2019immersion des jeunes dipl\u00f4m\u00e9s lanc\u00e9e<\/a> est apparu en premier sur <a rel=\"nofollow\" href=\"https:\/\/www.sidwaya.info\/\">Quotidien Sidwaya<\/a>.<\/p>\n<\/div>\n<p>Auteur: BANGRE SIDWAYA<br \/>\n<a href=\"https:\/\/www.sidwaya.info\/blog\/2021\/09\/24\/cedeao-ledition-2021-du-programme-dimmersion-des-jeunes-diplomes-lancee\/\">Cliquez ici pour lire l&rsquo;article depuis sa source.<\/a><\/p>\n","protected":false},"excerpt":{"rendered":"<p>L\u2019\u00e9dition 2021 du Programme d\u2019immersion des jeunes dipl\u00f4m\u00e9s dans les institutions de la CEDEAO, a \u00e9t\u00e9 lanc\u00e9e le jeudi 23 septembre 2021 \u00e0 Lagos, au Nig\u00e9ria, par une session de travail du Comit\u00e9 technique de s\u00e9lection des b\u00e9n\u00e9ficiaires. Pour la pr\u00e9sente \u00e9dition, le Comit\u00e9 est charg\u00e9 d\u2019identifier 60 b\u00e9n\u00e9ficiaires du programme sur plus de 5300 [&hellip;]<\/p>\n","protected":false},"author":1816,"featured_media":0,"comment_status":"closed","ping_status":"closed","sticky":false,"template":"","format":"standard","meta":{"fifu_image_url":"","fifu_image_alt":"","footnotes":""},"categories":[73,81],"tags":[],"class_list":["post-128056","post","type-post","status-publish","format-standard","hentry","category-actualite","category-burkina-faso"],"_links":{"self":[{"href":"https:\/\/linitiative.ca\/International\/wp-json\/wp\/v2\/posts\/128056","targetHints":{"allow":["GET"]}}],"collection":[{"href":"https:\/\/linitiative.ca\/International\/wp-json\/wp\/v2\/posts"}],"about":[{"href":"https:\/\/linitiative.ca\/International\/wp-json\/wp\/v2\/types\/post"}],"author":[{"embeddable":true,"href":"https:\/\/linitiative.ca\/International\/wp-json\/wp\/v2\/users\/1816"}],"replies":[{"embeddable":true,"href":"https:\/\/linitiative.ca\/International\/wp-json\/wp\/v2\/comments?post=128056"}],"version-history":[{"count":0,"href":"https:\/\/linitiative.ca\/International\/wp-json\/wp\/v2\/posts\/128056\/revisions"}],"wp:attachment":[{"href":"https:\/\/linitiative.ca\/International\/wp-json\/wp\/v2\/media?parent=128056"}],"wp:term":[{"taxonomy":"category","embeddable":true,"href":"https:\/\/linitiative.ca\/International\/wp-json\/wp\/v2\/categories?post=128056"},{"taxonomy":"post_tag","embeddable":true,"href":"https:\/\/linitiative.ca\/International\/wp-json\/wp\/v2\/tags?post=128056"}],"curies":[{"name":"wp","href":"https:\/\/api.w.org\/{rel}","templated":true}]}}