{"id":128057,"date":"2021-09-24T09:14:20","date_gmt":"2021-09-24T13:14:20","guid":{"rendered":"https:\/\/linitiative.ca\/International\/burkina-le-2e-congres-extraordinaire-du-mpp-a-debute-ce-vendredi-24-septembre\/"},"modified":"2021-09-24T09:14:20","modified_gmt":"2021-09-24T13:14:20","slug":"burkina-le-2e-congres-extraordinaire-du-mpp-a-debute-ce-vendredi-24-septembre","status":"publish","type":"post","link":"https:\/\/linitiative.ca\/International\/burkina-le-2e-congres-extraordinaire-du-mpp-a-debute-ce-vendredi-24-septembre\/","title":{"rendered":"Burkina\u00a0: Le 2e congr\u00e8s extraordinaire du MPP a d\u00e9but\u00e9 ce vendredi 24 septembre"},"content":{"rendered":"<div>\n<p>Le deuxi\u00e8me congr\u00e8s extraordinaire du parti, Mouvement du peuple pour le progr\u00e8s (MPP) s\u2019est ouvert ce vendredi\u00a0 24 septembre 2021 au Palais des sports de Ouaga 2000, sous la pr\u00e9sidence de son premier responsable, Simon Compaor\u00e9, accompagn\u00e9 de bien d\u2019autres grandes figures du parti tels que le Premier ministre Christophe Dabir\u00e9, le pr\u00e9sident de l\u2019assembl\u00e9e nationale, Alassane Bala Sakand\u00e9, et le maire de la ville de Ouagadougou, Armand B\u00e9ouind\u00e9. Il y avait \u00e9galement le repr\u00e9sentant de l\u2019Alliance des partis de la majorit\u00e9 pr\u00e9sidentielle (APMP), le pr\u00e9sident du parti, Nouveau temps pour le d\u00e9veloppement (NTD), Vincent Dabilgou.<\/p>\n<p>Dans son discours d\u2019ouverture, Simon Compaor\u00e9 a fait le bilan du parti qu\u2019il a jug\u00e9 positif, malgr\u00e9 la pr\u00e9sence des deux crises majeures que sont l\u2019ins\u00e9curit\u00e9 et la pand\u00e9mie de la Covid19.<\/p>\n<p>Plac\u00e9 sous le th\u00e8me\u00a0: (Poursuivre le renforcement du MPP dans un Burkina Faso r\u00e9concili\u00e9, r\u00e9silient et prosp\u00e8re), ce congr\u00e8s extraordinaire du MPP, d\u2019une dur\u00e9e de trois jours (24, 25\u00a0et 26 septembre), va s\u2019achever le dimanche par le renouvellement du bureau politique national du parti.<\/p>\n<p>AB<\/p>\n<p>L\u2019article <a rel=\"nofollow\" href=\"https:\/\/www.sidwaya.info\/blog\/2021\/09\/24\/burkina-le-2e-congres-extraordinaire-du-mpp-a-debute-ce-vendredi-24-septembre\/\">Burkina\u00a0: Le 2e congr\u00e8s extraordinaire du MPP a d\u00e9but\u00e9 ce vendredi 24 septembre<\/a> est apparu en premier sur <a rel=\"nofollow\" href=\"https:\/\/www.sidwaya.info\/\">Quotidien Sidwaya<\/a>.<\/p>\n<\/div>\n<p>Auteur: BANGRE SIDWAYA<br \/>\n<a href=\"https:\/\/www.sidwaya.info\/blog\/2021\/09\/24\/burkina-le-2e-congres-extraordinaire-du-mpp-a-debute-ce-vendredi-24-septembre\/\">Cliquez ici pour lire l&rsquo;article depuis sa source.<\/a><\/p>\n","protected":false},"excerpt":{"rendered":"<p>Le deuxi\u00e8me congr\u00e8s extraordinaire du parti, Mouvement du peuple pour le progr\u00e8s (MPP) s\u2019est ouvert ce vendredi\u00a0 24 septembre 2021 au Palais des sports de Ouaga 2000, sous la pr\u00e9sidence de son premier responsable, Simon Compaor\u00e9, accompagn\u00e9 de bien d\u2019autres grandes figures du parti tels que le Premier ministre Christophe Dabir\u00e9, le pr\u00e9sident de l\u2019assembl\u00e9e [&hellip;]<\/p>\n","protected":false},"author":1816,"featured_media":0,"comment_status":"closed","ping_status":"closed","sticky":false,"template":"","format":"standard","meta":{"fifu_image_url":"","fifu_image_alt":"","footnotes":""},"categories":[73,81],"tags":[],"class_list":["post-128057","post","type-post","status-publish","format-standard","hentry","category-actualite","category-burkina-faso"],"_links":{"self":[{"href":"https:\/\/linitiative.ca\/International\/wp-json\/wp\/v2\/posts\/128057","targetHints":{"allow":["GET"]}}],"collection":[{"href":"https:\/\/linitiative.ca\/International\/wp-json\/wp\/v2\/posts"}],"about":[{"href":"https:\/\/linitiative.ca\/International\/wp-json\/wp\/v2\/types\/post"}],"author":[{"embeddable":true,"href":"https:\/\/linitiative.ca\/International\/wp-json\/wp\/v2\/users\/1816"}],"replies":[{"embeddable":true,"href":"https:\/\/linitiative.ca\/International\/wp-json\/wp\/v2\/comments?post=128057"}],"version-history":[{"count":0,"href":"https:\/\/linitiative.ca\/International\/wp-json\/wp\/v2\/posts\/128057\/revisions"}],"wp:attachment":[{"href":"https:\/\/linitiative.ca\/International\/wp-json\/wp\/v2\/media?parent=128057"}],"wp:term":[{"taxonomy":"category","embeddable":true,"href":"https:\/\/linitiative.ca\/International\/wp-json\/wp\/v2\/categories?post=128057"},{"taxonomy":"post_tag","embeddable":true,"href":"https:\/\/linitiative.ca\/International\/wp-json\/wp\/v2\/tags?post=128057"}],"curies":[{"name":"wp","href":"https:\/\/api.w.org\/{rel}","templated":true}]}}