{"id":128058,"date":"2021-09-24T09:31:41","date_gmt":"2021-09-24T13:31:41","guid":{"rendered":"https:\/\/linitiative.ca\/International\/tapoa-est-le-chef-vdp-de-diapaga-et-son-epouse-blesses-a-leur-domicile\/"},"modified":"2021-09-24T09:31:41","modified_gmt":"2021-09-24T13:31:41","slug":"tapoa-est-le-chef-vdp-de-diapaga-et-son-epouse-blesses-a-leur-domicile","status":"publish","type":"post","link":"https:\/\/linitiative.ca\/International\/tapoa-est-le-chef-vdp-de-diapaga-et-son-epouse-blesses-a-leur-domicile\/","title":{"rendered":"Tapoa (Est): Le chef VDP de Diapaga et son \u00e9pouse bless\u00e9s \u00e0 leur domicile"},"content":{"rendered":"<div>\n<div>Un responsable de Volontaires pour la d\u00e9fense de la patrie (VDP) et son \u00e9pouse ont \u00e9t\u00e9 bless\u00e9s, dans la nuit du jeudi 23 au vendredi 24 septembre 2021, au cours d\u2019une attaque perp\u00e9tr\u00e9e par des individus inconnus contre leur domicile, situ\u00e9 dans une zone p\u00e9riph\u00e9rique du secteur 3 de Diapaga, chef-lieu de la province de la Tapoa, r\u00e9gion de l\u2019Est, indiquent plusieurs sources locales.<\/div>\n<div>Selon les m\u00eames sources la femme a re\u00e7u plusieurs balles. Son \u00e9poux a \u00e9t\u00e9 l\u00e9g\u00e8rement bless\u00e9 au pied et sa vie serait hors de danger.<\/div>\n<div>Nos interlocuteurs nous confient que le suppl\u00e9tif de s\u00e9curit\u00e9 a oppos\u00e9 une r\u00e9sistance farouche contre cette intrusion nocturne de visiteurs ind\u00e9sirables. L\u2019ennemi se serait enfui au bout de plusieurs minutes de combat intense et aurait m\u00eame enregistr\u00e9 des bless\u00e9s dans ses rangs. Apr\u00e8s cette nuit qui aura \u00e9t\u00e9 longue pour la population de Diapaga, c\u2019est un constat effrayant fait au domicile du VDP, ce matin. La demeure cribl\u00e9e de balles, la cour arros\u00e9e de sang et deux grenades d\u00e9goupill\u00e9es mais qui n\u2019avaient pas explos\u00e9es,\u00a0 d\u00e9couvertes.<\/div>\n<div>Nos sources d\u2019information ont pr\u00e9cis\u00e9 que l\u2019attaque s\u2019est produit aux environs de 1 heure du matin.<\/div>\n<div><\/div>\n<div>La R\u00e9daction<\/div>\n<p>L\u2019article <a rel=\"nofollow\" href=\"https:\/\/www.sidwaya.info\/blog\/2021\/09\/24\/tapoa-est-le-chef-vdp-de-diapaga-et-son-epouse-blesses-a-leur-domicile\/\">Tapoa (Est): Le chef VDP de Diapaga et son \u00e9pouse bless\u00e9s \u00e0 leur domicile<\/a> est apparu en premier sur <a rel=\"nofollow\" href=\"https:\/\/www.sidwaya.info\/\">Quotidien Sidwaya<\/a>.<\/p>\n<\/div>\n<p>Auteur: BANGRE SIDWAYA<br \/>\n<a href=\"https:\/\/www.sidwaya.info\/blog\/2021\/09\/24\/tapoa-est-le-chef-vdp-de-diapaga-et-son-epouse-blesses-a-leur-domicile\/\">Cliquez ici pour lire l&rsquo;article depuis sa source.<\/a><\/p>\n","protected":false},"excerpt":{"rendered":"<p>Un responsable de Volontaires pour la d\u00e9fense de la patrie (VDP) et son \u00e9pouse ont \u00e9t\u00e9 bless\u00e9s, dans la nuit du jeudi 23 au vendredi 24 septembre 2021, au cours d\u2019une attaque perp\u00e9tr\u00e9e par des individus inconnus contre leur domicile, situ\u00e9 dans une zone p\u00e9riph\u00e9rique du secteur 3 de Diapaga, chef-lieu de la province de [&hellip;]<\/p>\n","protected":false},"author":1816,"featured_media":0,"comment_status":"closed","ping_status":"closed","sticky":false,"template":"","format":"standard","meta":{"fifu_image_url":"","fifu_image_alt":"","footnotes":""},"categories":[73,81],"tags":[],"class_list":["post-128058","post","type-post","status-publish","format-standard","hentry","category-actualite","category-burkina-faso"],"_links":{"self":[{"href":"https:\/\/linitiative.ca\/International\/wp-json\/wp\/v2\/posts\/128058","targetHints":{"allow":["GET"]}}],"collection":[{"href":"https:\/\/linitiative.ca\/International\/wp-json\/wp\/v2\/posts"}],"about":[{"href":"https:\/\/linitiative.ca\/International\/wp-json\/wp\/v2\/types\/post"}],"author":[{"embeddable":true,"href":"https:\/\/linitiative.ca\/International\/wp-json\/wp\/v2\/users\/1816"}],"replies":[{"embeddable":true,"href":"https:\/\/linitiative.ca\/International\/wp-json\/wp\/v2\/comments?post=128058"}],"version-history":[{"count":0,"href":"https:\/\/linitiative.ca\/International\/wp-json\/wp\/v2\/posts\/128058\/revisions"}],"wp:attachment":[{"href":"https:\/\/linitiative.ca\/International\/wp-json\/wp\/v2\/media?parent=128058"}],"wp:term":[{"taxonomy":"category","embeddable":true,"href":"https:\/\/linitiative.ca\/International\/wp-json\/wp\/v2\/categories?post=128058"},{"taxonomy":"post_tag","embeddable":true,"href":"https:\/\/linitiative.ca\/International\/wp-json\/wp\/v2\/tags?post=128058"}],"curies":[{"name":"wp","href":"https:\/\/api.w.org\/{rel}","templated":true}]}}