{"id":128066,"date":"2021-09-24T14:18:01","date_gmt":"2021-09-24T18:18:01","guid":{"rendered":"https:\/\/linitiative.ca\/International\/covid-19-pres-de-neuf-millions-de-cas-en-afrique\/"},"modified":"2021-09-24T14:18:01","modified_gmt":"2021-09-24T18:18:01","slug":"covid-19-pres-de-neuf-millions-de-cas-en-afrique","status":"publish","type":"post","link":"https:\/\/linitiative.ca\/International\/covid-19-pres-de-neuf-millions-de-cas-en-afrique\/","title":{"rendered":"Covid-19 : pr\u00e8s de neuf millions de cas en Afrique"},"content":{"rendered":"<div>\n<p><img loading=\"lazy\" decoding=\"async\" width=\"250\" height=\"200\" src=\"https:\/\/linitiative.ca\/International\/wp-content\/uploads\/sites\/23\/2021\/09\/16325074816475.jpg\" class=\"attachment-post-thumbnail size-post-thumbnail wp-post-image\" alt=\"\"><\/p>\n<p>La pand\u00e9mie du nouveau coronavirus continue sa progression en Afrique.Les cas confirm\u00e9s de Covid-19 sur le continent africain ont atteint 8.190.601 \u00e0 la date du jeudi 23 septembre 2021. Le variant Delta est la souche dominante, renseigne le Centre africain de contr\u00f4le et de pr\u00e9vention des maladies (Africa\/CDC).<\/p>\n<p>L&rsquo;Afrique du Sud, le Maroc, la Tunisie, l&rsquo;\u00c9thiopie et la Libye figurent parmi les pays qui comptent le plus de cas sur le continent.<\/p>\n<p>L&rsquo;Afrique du Sud a enregistr\u00e9 le plus grand nombre de cas de Covid-19 en Afrique avec 2.889.298 cas, tandis que le pays d&rsquo;Afrique du Nord, le Maroc, a signal\u00e9 923.924 cas.<\/p>\n<p>En termes de nombre de cas, l&rsquo;Afrique australe est la r\u00e9gion la plus touch\u00e9e, suivie par les parties nord et est du continent, tandis que l&rsquo;Afrique centrale est la r\u00e9gion la moins touch\u00e9e du continent, selon le CDC.<\/p>\n<p>L&rsquo;agence de sant\u00e9 sp\u00e9cialis\u00e9e de l&rsquo;Union africaine indique que le nombre de d\u00e9c\u00e8s dus \u00e0 la pand\u00e9mie sur le continent s&rsquo;\u00e9l\u00e8ve \u00e0 207.594. \u00c0 ce jour, quelque 7.552.684 patients sont gu\u00e9ris de la maladie.<\/p>\n<p>Cet article <a rel=\"nofollow\" href=\"https:\/\/www.journalducameroun.com\/covid-19-pres-de-neuf-millions-de-cas-en-afrique\/\">Covid-19 : pr\u00e8s de neuf millions de cas en Afrique<\/a> est apparu en premier sur <a rel=\"nofollow\" href=\"https:\/\/www.journalducameroun.com\/\">Journal du Cameroun<\/a>.<\/p>\n<\/div>\n<p>Auteur: APA News<br \/>\n<a href=\"https:\/\/www.journalducameroun.com\/covid-19-pres-de-neuf-millions-de-cas-en-afrique\/\">Cliquez ici pour lire l&rsquo;article depuis sa source.<\/a><\/p>\n","protected":false},"excerpt":{"rendered":"<p>La pand\u00e9mie du nouveau coronavirus continue sa progression en Afrique.Les cas confirm\u00e9s de Covid-19 sur le continent africain ont atteint 8.190.601 \u00e0 la date du jeudi 23 septembre 2021. Le variant Delta est la souche dominante, renseigne le Centre africain de contr\u00f4le et de pr\u00e9vention des maladies (Africa\/CDC). L&rsquo;Afrique du Sud, le Maroc, la Tunisie, [&hellip;]<\/p>\n","protected":false},"author":1965,"featured_media":0,"comment_status":"closed","ping_status":"closed","sticky":false,"template":"","format":"standard","meta":{"fifu_image_url":"https:\/\/www.journalducameroun.com\/wp-content\/uploads\/2021\/09\/16325074816475.jpg","fifu_image_alt":"Covid-19 : pr\u00e8s de neuf millions de cas en Afrique","footnotes":""},"categories":[73,82],"tags":[],"class_list":["post-128066","post","type-post","status-publish","format-standard","hentry","category-actualite","category-cameroun"],"_links":{"self":[{"href":"https:\/\/linitiative.ca\/International\/wp-json\/wp\/v2\/posts\/128066","targetHints":{"allow":["GET"]}}],"collection":[{"href":"https:\/\/linitiative.ca\/International\/wp-json\/wp\/v2\/posts"}],"about":[{"href":"https:\/\/linitiative.ca\/International\/wp-json\/wp\/v2\/types\/post"}],"author":[{"embeddable":true,"href":"https:\/\/linitiative.ca\/International\/wp-json\/wp\/v2\/users\/1965"}],"replies":[{"embeddable":true,"href":"https:\/\/linitiative.ca\/International\/wp-json\/wp\/v2\/comments?post=128066"}],"version-history":[{"count":0,"href":"https:\/\/linitiative.ca\/International\/wp-json\/wp\/v2\/posts\/128066\/revisions"}],"wp:attachment":[{"href":"https:\/\/linitiative.ca\/International\/wp-json\/wp\/v2\/media?parent=128066"}],"wp:term":[{"taxonomy":"category","embeddable":true,"href":"https:\/\/linitiative.ca\/International\/wp-json\/wp\/v2\/categories?post=128066"},{"taxonomy":"post_tag","embeddable":true,"href":"https:\/\/linitiative.ca\/International\/wp-json\/wp\/v2\/tags?post=128066"}],"curies":[{"name":"wp","href":"https:\/\/api.w.org\/{rel}","templated":true}]}}