{"id":128068,"date":"2021-09-24T15:18:02","date_gmt":"2021-09-24T19:18:02","guid":{"rendered":"https:\/\/linitiative.ca\/International\/la-covid-19-a-accelere-la-transformation-digitale-de-7-ans-dans-le-monde\/"},"modified":"2021-09-24T15:18:02","modified_gmt":"2021-09-24T19:18:02","slug":"la-covid-19-a-accelere-la-transformation-digitale-de-7-ans-dans-le-monde","status":"publish","type":"post","link":"https:\/\/linitiative.ca\/International\/la-covid-19-a-accelere-la-transformation-digitale-de-7-ans-dans-le-monde\/","title":{"rendered":"La Covid-19 a acc\u00e9l\u00e9r\u00e9 la transformation digitale de 7 ans dans le monde"},"content":{"rendered":"<div>\n<p><img loading=\"lazy\" decoding=\"async\" width=\"800\" height=\"533\" src=\"https:\/\/linitiative.ca\/International\/wp-content\/uploads\/sites\/23\/2021\/09\/16325110828646.jpg\" class=\"attachment-post-thumbnail size-post-thumbnail wp-post-image\" alt=\"\" srcset=\"https:\/\/linitiative.ca\/International\/wp-content\/uploads\/sites\/23\/2021\/09\/16325110828646.jpg 800w, https:\/\/www.journalducameroun.com\/wp-content\/uploads\/2021\/09\/16325110828646-300x200.jpg 300w, https:\/\/www.journalducameroun.com\/wp-content\/uploads\/2021\/09\/16325110828646-768x512.jpg 768w, https:\/\/www.journalducameroun.com\/wp-content\/uploads\/2021\/09\/16325110828646-660x440.jpg 660w, https:\/\/www.journalducameroun.com\/wp-content\/uploads\/2021\/09\/16325110828646-600x400.jpg 600w\" sizes=\"auto, (max-width: 800px) 100vw, 800px\"><\/p>\n<p>La pand\u00e9mie \u00e0 coronavirus (Covid-19) a acc\u00e9l\u00e9r\u00e9 la transformation digitale de sept ans dans le monde, a annonc\u00e9 vendredi \u00e0 Abidjan, Karl Song, vice-pr\u00e9sident charg\u00e9 de la Communication de Huawei, le g\u00e9ant chinois des t\u00e9l\u00e9communications.<\/p>\n<p>\t\u00ab La Covid-19 a acc\u00e9l\u00e9r\u00e9 la transformation digitale de sept ans dans le monde (\u2026) Les besoins (en consommation des technologies) ont augment\u00e9. Ce qui a oblig\u00e9 les ing\u00e9nieurs \u00e0 travailler beaucoup pour une augmentation des r\u00e9seaux et des capacit\u00e9s des technologies\u00bb, a d\u00e9clar\u00e9 M. Song lors une conf\u00e9rence de presse par visioconf\u00e9rence.\u00a0<\/p>\n<p>Poursuivant, il a soulign\u00e9 le r\u00f4le important que la digitalisation a jou\u00e9 dans le maintien du fonctionnement de la vie quotidienne. A ce propos, M. Song a cit\u00e9 l&rsquo;exemple des \u00e9l\u00e8ves et \u00e9tudiants qui ont pu continuer les cours en ligne pendant cette crise sanitaire mondiale gr\u00e2ce aux technologies.<\/p>\n<p>\u00ab Les technologies ont jou\u00e9 un r\u00f4le tr\u00e8s important avec le changement des habitudes et de comportements\u00bb, a insist\u00e9 Karl Song, relevant que \u00ab certains h\u00f4pitaux ont cr\u00e9\u00e9 des solutions technologiques pour aider les m\u00e9decins \u00bb.<\/p>\n<p>\u00ab Au regard de cette importance, Huawei s&rsquo;engage dans le d\u00e9veloppement des technologies dans les pays o\u00f9 il op\u00e8re \u00bb, a poursuivi M. Song, faisant remarquer que \u00ab l&rsquo;Afrique est tr\u00e8s dynamique ainsi que sa jeunesse \u00bb.<\/p>\n<p>Huawei Technologies est une entreprise fond\u00e9e en 1987, dont le si\u00e8ge social se trouve \u00e0 Shenzhen en Chine et qui fournit des solutions dans le secteur des technologies de l&rsquo;information et de la communication.<\/p>\n<p>Cet article <a rel=\"nofollow\" href=\"https:\/\/www.journalducameroun.com\/la-covid-19-a-accelere-la-transformation-digitale-de-7-ans-dans-le-monde\/\">La Covid-19 a acc\u00e9l\u00e9r\u00e9 la transformation digitale de 7 ans dans le monde<\/a> est apparu en premier sur <a rel=\"nofollow\" href=\"https:\/\/www.journalducameroun.com\/\">Journal du Cameroun<\/a>.<\/p>\n<\/div>\n<p>Auteur: APA News<br \/>\n<a href=\"https:\/\/www.journalducameroun.com\/la-covid-19-a-accelere-la-transformation-digitale-de-7-ans-dans-le-monde\/\">Cliquez ici pour lire l&rsquo;article depuis sa source.<\/a><\/p>\n","protected":false},"excerpt":{"rendered":"<p>La pand\u00e9mie \u00e0 coronavirus (Covid-19) a acc\u00e9l\u00e9r\u00e9 la transformation digitale de sept ans dans le monde, a annonc\u00e9 vendredi \u00e0 Abidjan, Karl Song, vice-pr\u00e9sident charg\u00e9 de la Communication de Huawei, le g\u00e9ant chinois des t\u00e9l\u00e9communications. \u00ab La Covid-19 a acc\u00e9l\u00e9r\u00e9 la transformation digitale de sept ans dans le monde (\u2026) Les besoins (en consommation des [&hellip;]<\/p>\n","protected":false},"author":1965,"featured_media":0,"comment_status":"closed","ping_status":"closed","sticky":false,"template":"","format":"standard","meta":{"fifu_image_url":"https:\/\/www.journalducameroun.com\/wp-content\/uploads\/2021\/09\/16325110828646.jpg","fifu_image_alt":"La Covid-19 a acc\u00e9l\u00e9r\u00e9 la transformation digitale de 7 ans dans le monde","footnotes":""},"categories":[73,82],"tags":[],"class_list":["post-128068","post","type-post","status-publish","format-standard","hentry","category-actualite","category-cameroun"],"_links":{"self":[{"href":"https:\/\/linitiative.ca\/International\/wp-json\/wp\/v2\/posts\/128068","targetHints":{"allow":["GET"]}}],"collection":[{"href":"https:\/\/linitiative.ca\/International\/wp-json\/wp\/v2\/posts"}],"about":[{"href":"https:\/\/linitiative.ca\/International\/wp-json\/wp\/v2\/types\/post"}],"author":[{"embeddable":true,"href":"https:\/\/linitiative.ca\/International\/wp-json\/wp\/v2\/users\/1965"}],"replies":[{"embeddable":true,"href":"https:\/\/linitiative.ca\/International\/wp-json\/wp\/v2\/comments?post=128068"}],"version-history":[{"count":0,"href":"https:\/\/linitiative.ca\/International\/wp-json\/wp\/v2\/posts\/128068\/revisions"}],"wp:attachment":[{"href":"https:\/\/linitiative.ca\/International\/wp-json\/wp\/v2\/media?parent=128068"}],"wp:term":[{"taxonomy":"category","embeddable":true,"href":"https:\/\/linitiative.ca\/International\/wp-json\/wp\/v2\/categories?post=128068"},{"taxonomy":"post_tag","embeddable":true,"href":"https:\/\/linitiative.ca\/International\/wp-json\/wp\/v2\/tags?post=128068"}],"curies":[{"name":"wp","href":"https:\/\/api.w.org\/{rel}","templated":true}]}}