{"id":128070,"date":"2021-09-24T16:18:02","date_gmt":"2021-09-24T20:18:02","guid":{"rendered":"https:\/\/linitiative.ca\/International\/sahel-macky-sall-souhaite-un-renforcement-de-la-minusma\/"},"modified":"2021-09-24T16:18:02","modified_gmt":"2021-09-24T20:18:02","slug":"sahel-macky-sall-souhaite-un-renforcement-de-la-minusma","status":"publish","type":"post","link":"https:\/\/linitiative.ca\/International\/sahel-macky-sall-souhaite-un-renforcement-de-la-minusma\/","title":{"rendered":"Sahel : Macky Sall souhaite un renforcement de la Minusma"},"content":{"rendered":"<div>\n<p><img loading=\"lazy\" decoding=\"async\" width=\"618\" height=\"518\" src=\"https:\/\/linitiative.ca\/International\/wp-content\/uploads\/sites\/23\/2021\/09\/16325146827841.jpg\" class=\"attachment-post-thumbnail size-post-thumbnail wp-post-image\" alt=\"\" srcset=\"https:\/\/linitiative.ca\/International\/wp-content\/uploads\/sites\/23\/2021\/09\/16325146827841.jpg 618w, https:\/\/www.journalducameroun.com\/wp-content\/uploads\/2021\/09\/16325146827841-300x251.jpg 300w, https:\/\/www.journalducameroun.com\/wp-content\/uploads\/2021\/09\/16325146827841-525x440.jpg 525w, https:\/\/www.journalducameroun.com\/wp-content\/uploads\/2021\/09\/16325146827841-600x503.jpg 600w\" sizes=\"auto, (max-width: 618px) 100vw, 618px\"><\/p>\n<p>Le chef de l&rsquo;Etat s\u00e9n\u00e9galais veut \u00e9viter que \u00ab\u00a0l&rsquo;Afrique devienne le sanctuaire du terrorisme international \u00bb.Le pr\u00e9sident s\u00e9n\u00e9galais, Macky Sall a appel\u00e9 vendredi \u00e0 New York \u00e0 renforcer le mandat de la Mission multidimensionnelle int\u00e9gr\u00e9e des Nations unies pour la stabilisation du Mali (Minusma).<br \/>\n\tDans un contexte sah\u00e9lien marqu\u00e9 par des groupes terroristes qui \u00ab continuent leurs attaques et pillages meurtriers contre des populations innocentes\u2026nous continuons de plaider pour que la Minusma soit dot\u00e9e d&rsquo;un mandat robuste pour lutter efficacement contre les groupes terroristes \u00bb, a d\u00e9clar\u00e9 Macky Sall\u00a0dans son discours \u00e0 la 76e Session ordinaire de l&rsquo;Assembl\u00e9e g\u00e9n\u00e9rale des Nations Unies.<\/p>\n<p>\u00ab A d\u00e9faut, il est essentiel que les pays membres du G5 Sahel b\u00e9n\u00e9ficient d&rsquo;un appui cons\u00e9quent dans le combat vital qu&rsquo;ils m\u00e8nent contre le terrorisme \u00bb, a-t-il poursuivi, rappelant que le S\u00e9n\u00e9gal contribue \u00e0 hauteur de 1350 \u00e9l\u00e9ments dans les troupes de la Minusma dont le mandat a \u00e9t\u00e9 prorog\u00e9 d&rsquo;un an en juin dernier.<\/p>\n<p>Les quinze membres du Conseil de s\u00e9curit\u00e9 de l&rsquo;ONU avaient adopt\u00e9 \u00e0 l&rsquo;unanimit\u00e9 la r\u00e9solution 2584 qui d\u00e9cidait ainsi de la poursuite de la mission onusienne au Mali \u00ab jusqu&rsquo;au 30 juin 2022, avec un effectif maximal qui reste fix\u00e9 \u00e0 13.289 militaires et 1\u202f920 policiers \u00bb.<\/p>\n<p>Pays frontalier du Mali encore prot\u00e9g\u00e9 des attaques djihadistes, le S\u00e9n\u00e9gal reste tout de m\u00eame \u00ab solidaire des pays fr\u00e8res durement \u00e9prouv\u00e9s \u00bb, a not\u00e9 Macky Sall.<\/p>\n<p>\u00ab O\u00f9 qu&rsquo;il puisse s&rsquo;\u00e9tablir, le terrorisme reste une menace globale ; et le syst\u00e8me de s\u00e9curit\u00e9 collective des Nations Unies doit le combattre. Nous ne devons pas accepter que l&rsquo;Afrique en devienne le sanctuaire du terrorisme international \u00bb, a-t-il laiss\u00e9 entendre.<\/p>\n<p>Cet article <a rel=\"nofollow\" href=\"https:\/\/www.journalducameroun.com\/sahel-macky-sall-souhaite-un-renforcement-de-la-minusma\/\">Sahel : Macky Sall souhaite un renforcement de la Minusma<\/a> est apparu en premier sur <a rel=\"nofollow\" href=\"https:\/\/www.journalducameroun.com\/\">Journal du Cameroun<\/a>.<\/p>\n<\/div>\n<p>Auteur: APA News<br \/>\n<a href=\"https:\/\/www.journalducameroun.com\/sahel-macky-sall-souhaite-un-renforcement-de-la-minusma\/\">Cliquez ici pour lire l&rsquo;article depuis sa source.<\/a><\/p>\n","protected":false},"excerpt":{"rendered":"<p>Le chef de l&rsquo;Etat s\u00e9n\u00e9galais veut \u00e9viter que \u00ab\u00a0l&rsquo;Afrique devienne le sanctuaire du terrorisme international \u00bb.Le pr\u00e9sident s\u00e9n\u00e9galais, Macky Sall a appel\u00e9 vendredi \u00e0 New York \u00e0 renforcer le mandat de la Mission multidimensionnelle int\u00e9gr\u00e9e des Nations unies pour la stabilisation du Mali (Minusma). Dans un contexte sah\u00e9lien marqu\u00e9 par des groupes terroristes qui \u00ab [&hellip;]<\/p>\n","protected":false},"author":1965,"featured_media":0,"comment_status":"closed","ping_status":"closed","sticky":false,"template":"","format":"standard","meta":{"fifu_image_url":"https:\/\/www.journalducameroun.com\/wp-content\/uploads\/2021\/09\/16325146827841.jpg","fifu_image_alt":"Sahel : Macky Sall souhaite un renforcement de la Minusma","footnotes":""},"categories":[73,82],"tags":[],"class_list":["post-128070","post","type-post","status-publish","format-standard","hentry","category-actualite","category-cameroun"],"_links":{"self":[{"href":"https:\/\/linitiative.ca\/International\/wp-json\/wp\/v2\/posts\/128070","targetHints":{"allow":["GET"]}}],"collection":[{"href":"https:\/\/linitiative.ca\/International\/wp-json\/wp\/v2\/posts"}],"about":[{"href":"https:\/\/linitiative.ca\/International\/wp-json\/wp\/v2\/types\/post"}],"author":[{"embeddable":true,"href":"https:\/\/linitiative.ca\/International\/wp-json\/wp\/v2\/users\/1965"}],"replies":[{"embeddable":true,"href":"https:\/\/linitiative.ca\/International\/wp-json\/wp\/v2\/comments?post=128070"}],"version-history":[{"count":0,"href":"https:\/\/linitiative.ca\/International\/wp-json\/wp\/v2\/posts\/128070\/revisions"}],"wp:attachment":[{"href":"https:\/\/linitiative.ca\/International\/wp-json\/wp\/v2\/media?parent=128070"}],"wp:term":[{"taxonomy":"category","embeddable":true,"href":"https:\/\/linitiative.ca\/International\/wp-json\/wp\/v2\/categories?post=128070"},{"taxonomy":"post_tag","embeddable":true,"href":"https:\/\/linitiative.ca\/International\/wp-json\/wp\/v2\/tags?post=128070"}],"curies":[{"name":"wp","href":"https:\/\/api.w.org\/{rel}","templated":true}]}}