{"id":128073,"date":"2021-09-24T13:21:56","date_gmt":"2021-09-24T17:21:56","guid":{"rendered":"https:\/\/linitiative.ca\/International\/entrepreneuriat-le-cameroun-et-le-canada-explorent-de-nouvelles-pistes\/"},"modified":"2021-09-24T13:21:56","modified_gmt":"2021-09-24T17:21:56","slug":"entrepreneuriat-le-cameroun-et-le-canada-explorent-de-nouvelles-pistes","status":"publish","type":"post","link":"https:\/\/linitiative.ca\/International\/entrepreneuriat-le-cameroun-et-le-canada-explorent-de-nouvelles-pistes\/","title":{"rendered":"Entrepreneuriat : le Cameroun et le Canada explorent de nouvelles pistes"},"content":{"rendered":"<div>\n<p>Le ministre des Petites et moyennes entreprises, de l\u2019\u00e9conomie sociale et de l\u2019artisanat (Minpmeesa), Achille Basselekin III, a re\u00e7u en audience le 22 septembre dernier, le Haut-Commissaire du Canada au Cameroun, son Excellence Richard Bale. La visite s\u2019inscrivait dans le cadre d\u2019\u00e9changes et de concertation entre les deux pays en vue de la mise sur pied des programmes et projets mis en \u0153uvre au Cameroun pour d\u00e9velopper les PME et l\u2019entrepreneuriat au Cameroun.<\/p>\n<p><strong>Lire aussi<\/strong> : <strong><a href=\"https:\/\/ecomatin.net\/le-gicam-et-le-minpmeesa-signent-un-partenariat-pour-laccompagnement-des-pme\/\">Le Gicam et le Minpmeesa signent un partenariat pour l\u2019accompagnement des PME<\/a><\/strong><\/p>\n<p>Cette audience \u00e9tait le lieu d\u2019explorer de nouvelles pistes dans les domaines de l\u2019entrepreneuriat, d\u2019impliquer le Minpmeesa dans la mise en \u0153uvre des projets y relatifs au Cameroun et, de capitaliser les instruments de coop\u00e9ration et de d\u00e9veloppement du Canada. La technologie est l\u2019outil que compte mettre en \u0153uvre\u00a0\u00a0les deux partenaires. \u00ab\u00a0Il \u00e9tait question de penser les strat\u00e9gies pour mieux dynamis\u00e9 nos \u00e9conomies en introduisant les nouvelles technologies et encourageant les jeunes\u00a0\u00bb, a confi\u00e9 son Excellence Richard Bale, au sortir de l\u2019audience. \u00ab\u00a0Il faut dire que le Canada en mati\u00e8re d\u2019innovation, en mati\u00e8re d\u2019appui aux startups est bien avanc\u00e9. C\u2019est une exp\u00e9rience qui de notre point de vue est stimulante et qui peut nous permettre de mettre sur pieds, un benchmarking, pour que finalement par apport aux standards en la mati\u00e8re, aux bonnes pratiques, nous puissions nous inspirer de leur exp\u00e9rience et surtout, cr\u00e9er un cadre propice pour l\u2019essor des startupeurs au Cameroun\u00a0\u00bb, a indiqu\u00e9 Achille Basselekin III.<\/p>\n<p><strong>Lire aussi<\/strong> : <strong><a href=\"https:\/\/ecomatin.net\/employabilite-des-jeunes-lauf-et-le-gouvernement-signent-trois-accords-de-partenariats\/\">Employabilit\u00e9 des jeunes : l\u2019AUF et le gouvernement signent trois accords de partenariats<\/a><\/strong><\/p>\n<p>A travers cette audience, le Minpmeesa entend aussi b\u00e9n\u00e9ficier de l\u2019assistance du Canada dans le cadre de la politique nationale d\u2019incubation \u00e0 travers l\u2019appui aux incubateurs publics et priv\u00e9, et le financement des projets incub\u00e9s de la p\u00e9pini\u00e8re nationale pilote d\u2019entreprises d\u2019Edea.<\/p>\n<p>Notons que les relations entre le Cameroun et le Canada, sont diverses. Sur le plan des Petites et moyennes entreprises de l\u2019\u00e9conomie sociale et de l\u2019artisanat (Pmeesa), le Minpmeesa a sign\u00e9 un accord de coop\u00e9ration scientifique avec l\u2019universit\u00e9 du Quebec en 2010, pour le d\u00e9veloppement de la recherche sur les TPE et les PME au Cameroun. Cet accord donne la possibilit\u00e9 d\u2019explorer les atouts du Canda pour intensifier la coop\u00e9ration avec le secteur des Pmeesa. Toujours dans le cadre des liens qui lient les deux partenaires, le Conseil des entrepreneurs africains au Canada (Coefa) souhaite \u00e9tablir des liens de partenariat commerciaux et \u00e9conomiques entre les entreprises camerounaises et canadiennes exer\u00e7ant dans les secteurs de l\u2019agriculture, de la sant\u00e9, des mines et des \u00e9nergies renouvelables.<\/p>\n<p><strong>Lire aussi<\/strong> : <strong><a href=\"https:\/\/ecomatin.net\/cooperationn-le-quebec-explore-les-s-opportunites-daffaires-avec-le-cameroun\/\">Coop\u00e9ration : le Qu\u00e9bec explore les opportunit\u00e9s d\u2019affaires avec le Cameroun<\/a><\/strong><\/p>\n<p>L\u2019article <a rel=\"nofollow\" href=\"https:\/\/ecomatin.net\/entrepreneuriat-le-cameroun-et-le-canada-explorent-t-de-nouvelles-pistes\/\">Entrepreneuriat : le Cameroun et le Canada explorent de nouvelles pistes<\/a> est apparu en premier sur <a rel=\"nofollow\" href=\"https:\/\/ecomatin.net\/\">EcoMatin<\/a>.<\/p>\n<\/div>\n<p>Auteur: Cindy MBALA<br \/>\n<a href=\"https:\/\/ecomatin.net\/entrepreneuriat-le-cameroun-et-le-canada-explorent-t-de-nouvelles-pistes\/\">Cliquez ici pour lire l&rsquo;article depuis sa source.<\/a><\/p>\n","protected":false},"excerpt":{"rendered":"<p>Le ministre des Petites et moyennes entreprises, de l\u2019\u00e9conomie sociale et de l\u2019artisanat (Minpmeesa), Achille Basselekin III, a re\u00e7u en audience le 22 septembre dernier, le Haut-Commissaire du Canada au Cameroun, son Excellence Richard Bale. La visite s\u2019inscrivait dans le cadre d\u2019\u00e9changes et de concertation entre les deux pays en vue de la mise sur [&hellip;]<\/p>\n","protected":false},"author":1969,"featured_media":0,"comment_status":"closed","ping_status":"closed","sticky":false,"template":"","format":"standard","meta":{"fifu_image_url":"","fifu_image_alt":"","footnotes":""},"categories":[82,78],"tags":[],"class_list":["post-128073","post","type-post","status-publish","format-standard","hentry","category-cameroun","category-economie"],"_links":{"self":[{"href":"https:\/\/linitiative.ca\/International\/wp-json\/wp\/v2\/posts\/128073","targetHints":{"allow":["GET"]}}],"collection":[{"href":"https:\/\/linitiative.ca\/International\/wp-json\/wp\/v2\/posts"}],"about":[{"href":"https:\/\/linitiative.ca\/International\/wp-json\/wp\/v2\/types\/post"}],"author":[{"embeddable":true,"href":"https:\/\/linitiative.ca\/International\/wp-json\/wp\/v2\/users\/1969"}],"replies":[{"embeddable":true,"href":"https:\/\/linitiative.ca\/International\/wp-json\/wp\/v2\/comments?post=128073"}],"version-history":[{"count":0,"href":"https:\/\/linitiative.ca\/International\/wp-json\/wp\/v2\/posts\/128073\/revisions"}],"wp:attachment":[{"href":"https:\/\/linitiative.ca\/International\/wp-json\/wp\/v2\/media?parent=128073"}],"wp:term":[{"taxonomy":"category","embeddable":true,"href":"https:\/\/linitiative.ca\/International\/wp-json\/wp\/v2\/categories?post=128073"},{"taxonomy":"post_tag","embeddable":true,"href":"https:\/\/linitiative.ca\/International\/wp-json\/wp\/v2\/tags?post=128073"}],"curies":[{"name":"wp","href":"https:\/\/api.w.org\/{rel}","templated":true}]}}