{"id":128081,"date":"2021-09-25T10:00:04","date_gmt":"2021-09-25T14:00:04","guid":{"rendered":"https:\/\/linitiative.ca\/International\/prix-de-la-competitivite-prix-du-partenariat-universite-entreprise-la-7eme-edition-lancee\/"},"modified":"2021-09-25T10:00:04","modified_gmt":"2021-09-25T14:00:04","slug":"prix-de-la-competitivite-prix-du-partenariat-universite-entreprise-la-7eme-edition-lancee","status":"publish","type":"post","link":"https:\/\/linitiative.ca\/International\/prix-de-la-competitivite-prix-du-partenariat-universite-entreprise-la-7eme-edition-lancee\/","title":{"rendered":"\u00abPrix de la comp\u00e9titivit\u00e9, Prix du partenariat universit\u00e9-entreprise\u00bb : La 7\u00e8me \u00e9dition lanc\u00e9e"},"content":{"rendered":"<div>\n<p><img decoding=\"async\" width=\"300\" height=\"153\" src=\"https:\/\/linitiative.ca\/International\/wp-content\/uploads\/sites\/23\/2021\/09\/Prix-de-la-competitivite-300x153-1.jpg\" class=\"attachment-medium size-medium wp-post-image\" alt=\"\" loading=\"lazy\" srcset=\"\/\/aujourdhui.ma\/wp-content\/uploads\/2021\/09\/Prix-de-la-competitivite-300x153.jpg 300w, \/\/aujourdhui.ma\/wp-content\/uploads\/2021\/09\/Prix-de-la-competitivite-274x140.jpg 274w, \/\/aujourdhui.ma\/wp-content\/uploads\/2021\/09\/Prix-de-la-competitivite.jpg 746w, \/\/aujourdhui.ma\/wp-content\/uploads\/2021\/09\/Prix-de-la-competitivite-165x84.jpg 165w, \/\/aujourdhui.ma\/wp-content\/uploads\/2021\/09\/Prix-de-la-competitivite-702x358.jpg 702w\" sizes=\"auto, (max-width: 300px) 100vw, 300px\"><\/p>\n<p><span style=\"color: #800000;\"><strong>La 7\u00e8me \u00e9dition du \u00abPrix de la comp\u00e9titivit\u00e9, prix du partenariat universit\u00e9-entreprise\u00bb a \u00e9t\u00e9 lanc\u00e9e \u00e0 l\u2019initiative du d\u00e9partement de l\u2019enseignement sup\u00e9rieur et de la recherche scientifique et du minist\u00e8re de l\u2019industrie, du commerce, de l\u2019\u00e9conomie verte et num\u00e9rique.<\/strong><\/span><span id=\"more-387469\"><\/span><\/p>\n<p>Ce Prix lanc\u00e9 en collaboration avec l\u2019Acad\u00e9mie Hassan II des sciences et techniques et l\u2019Association R&amp;D Maroc vise \u00e0 promouvoir et \u00e0 encourager le partenariat entre l\u2019universit\u00e9 et le tissu productif, notamment en mati\u00e8re de valorisation des r\u00e9sultats de la recherche scientifique et du transfert technologique, indique mercredi le minist\u00e8re de l\u2019\u00e9ducation nationale, de la formation professionnelle, de l\u2019enseignement sup\u00e9rieur et de la recherche scientifique dans un communiqu\u00e9. Il permet de gratifier les \u00e9quipes acad\u00e9miques de recherche et les entreprises ayant collabor\u00e9 pour la r\u00e9ussite de projets de recherche et d\u00e9veloppement technologique et de l\u2019innovation dont les effets sur l\u2019am\u00e9lioration de la comp\u00e9titivit\u00e9 ont \u00e9t\u00e9 d\u00e9montr\u00e9s. La date limite de soumission des projets est fix\u00e9e au 7 novembre 2021, ajoute le communiqu\u00e9, notant que les informations sur l\u2019appel et la soumission des propositions sont disponibles via le lien : <strong><span style=\"color: #0000ff;\"><a style=\"color: #0000ff;\" href=\"https:\/\/pin.enssup.gov.ma\/index.php\/lesevenements\/2-%20non-categorise\/186-prix-de-la-competitiviteprix-%20du-partenariat-universite-entreprisepc-%20ppue-2021\">https:\/\/pin.enssup.gov.ma\/index.php\/lesevenements\/2- non-categorise\/186-prix-de-la-competitiviteprix- du-partenariat-universite-entreprisepc- ppue-2021<\/a><\/span><\/strong>.<\/p>\n<\/div>\n<p>Auteur: Laila Zerrour<br \/>\n<a href=\"https:\/\/aujourdhui.ma\/societe\/prix-de-la-competitivite-prix-du-partenariat-universite-entreprise-la-7eme-edition-lancee\">Cliquez ici pour lire l&rsquo;article depuis sa source.<\/a><\/p>\n","protected":false},"excerpt":{"rendered":"<p>La 7\u00e8me \u00e9dition du \u00abPrix de la comp\u00e9titivit\u00e9, prix du partenariat universit\u00e9-entreprise\u00bb a \u00e9t\u00e9 lanc\u00e9e \u00e0 l\u2019initiative du d\u00e9partement de l\u2019enseignement sup\u00e9rieur et de la recherche scientifique et du minist\u00e8re de l\u2019industrie, du commerce, de l\u2019\u00e9conomie verte et num\u00e9rique. Ce Prix lanc\u00e9 en collaboration avec l\u2019Acad\u00e9mie Hassan II des sciences et techniques et l\u2019Association R&amp;D [&hellip;]<\/p>\n","protected":false},"author":1759,"featured_media":0,"comment_status":"closed","ping_status":"closed","sticky":false,"template":"","format":"standard","meta":{"fifu_image_url":"https:\/\/aujourdhui.ma\/wp-content\/uploads\/2021\/09\/Prix-de-la-competitivite-300x153.jpg","fifu_image_alt":"\u00abPrix de la comp\u00e9titivit\u00e9, Prix du partenariat universit\u00e9-entreprise\u00bb : La 7\u00e8me \u00e9dition lanc\u00e9e","footnotes":""},"categories":[73,54],"tags":[],"class_list":["post-128081","post","type-post","status-publish","format-standard","hentry","category-actualite","category-maroc"],"_links":{"self":[{"href":"https:\/\/linitiative.ca\/International\/wp-json\/wp\/v2\/posts\/128081","targetHints":{"allow":["GET"]}}],"collection":[{"href":"https:\/\/linitiative.ca\/International\/wp-json\/wp\/v2\/posts"}],"about":[{"href":"https:\/\/linitiative.ca\/International\/wp-json\/wp\/v2\/types\/post"}],"author":[{"embeddable":true,"href":"https:\/\/linitiative.ca\/International\/wp-json\/wp\/v2\/users\/1759"}],"replies":[{"embeddable":true,"href":"https:\/\/linitiative.ca\/International\/wp-json\/wp\/v2\/comments?post=128081"}],"version-history":[{"count":0,"href":"https:\/\/linitiative.ca\/International\/wp-json\/wp\/v2\/posts\/128081\/revisions"}],"wp:attachment":[{"href":"https:\/\/linitiative.ca\/International\/wp-json\/wp\/v2\/media?parent=128081"}],"wp:term":[{"taxonomy":"category","embeddable":true,"href":"https:\/\/linitiative.ca\/International\/wp-json\/wp\/v2\/categories?post=128081"},{"taxonomy":"post_tag","embeddable":true,"href":"https:\/\/linitiative.ca\/International\/wp-json\/wp\/v2\/tags?post=128081"}],"curies":[{"name":"wp","href":"https:\/\/api.w.org\/{rel}","templated":true}]}}