{"id":128083,"date":"2021-09-25T11:32:47","date_gmt":"2021-09-25T15:32:47","guid":{"rendered":"https:\/\/linitiative.ca\/International\/covid19-maroc-la-situation-epidemiologique-au-25-septembre-2021-a-16h00\/"},"modified":"2021-09-25T11:32:47","modified_gmt":"2021-09-25T15:32:47","slug":"covid19-maroc-la-situation-epidemiologique-au-25-septembre-2021-a-16h00","status":"publish","type":"post","link":"https:\/\/linitiative.ca\/International\/covid19-maroc-la-situation-epidemiologique-au-25-septembre-2021-a-16h00\/","title":{"rendered":"Covid19 \/ Maroc : La situation \u00e9pid\u00e9miologique au 25 septembre 2021 \u00e0 16H00"},"content":{"rendered":"<div>\n<p><img decoding=\"async\" width=\"300\" height=\"153\" src=\"https:\/\/linitiative.ca\/International\/wp-content\/uploads\/sites\/23\/2021\/09\/coronavirus-COVID-maroc-300x153-1.jpg\" class=\"attachment-medium size-medium wp-post-image\" alt=\"\" loading=\"lazy\" srcset=\"\/\/aujourdhui.ma\/wp-content\/uploads\/2020\/09\/coronavirus-COVID-maroc-300x153.jpg 300w, \/\/aujourdhui.ma\/wp-content\/uploads\/2020\/09\/coronavirus-COVID-maroc-274x140.jpg 274w, \/\/aujourdhui.ma\/wp-content\/uploads\/2020\/09\/coronavirus-COVID-maroc.jpg 746w, \/\/aujourdhui.ma\/wp-content\/uploads\/2020\/09\/coronavirus-COVID-maroc-165x84.jpg 165w, \/\/aujourdhui.ma\/wp-content\/uploads\/2020\/09\/coronavirus-COVID-maroc-702x358.jpg 702w\" sizes=\"auto, (max-width: 300px) 100vw, 300px\"><\/p>\n<p>1.444 nouveaux cas soit un cumul de 928.571 cas \u00e0 ce jour.<br \/>\n1.818 gu\u00e9risons soit un cumul de 897.252 \u00e0 ce jour.<br \/>\n30 nouveaux d\u00e9c\u00e8s donc un cumul de 14.132 \u00e0 ce jour.<\/p>\n<p><strong>Nombre de personnes vaccin\u00e9es au 25 septembre 16H00<\/strong><\/p>\n<p>1\u00e8re dose :<strong> 21 915 897<br \/>\n<\/strong><\/p>\n<p>2\u00e8me dose :<strong>18 357 489 <\/strong><\/p>\n<p>\u00a0<\/p>\n<p>\u00a0<\/p>\n<p><a href=\"https:\/\/aujourdhui.ma\/wp-content\/uploads\/2021\/09\/25.9.21.COVID-19_Page_1.jpg\"><img decoding=\"async\" loading=\"lazy\" class=\"alignnone size-large wp-image-387552\" src=\"https:\/\/linitiative.ca\/International\/wp-content\/uploads\/sites\/23\/2021\/09\/25.9.21.COVID-19_Page_1-724x1024-1.jpg\" alt=\"\" width=\"724\" height=\"1024\" srcset=\"\/\/aujourdhui.ma\/wp-content\/uploads\/2021\/09\/25.9.21.COVID-19_Page_1-724x1024.jpg 724w, \/\/aujourdhui.ma\/wp-content\/uploads\/2021\/09\/25.9.21.COVID-19_Page_1-212x300.jpg 212w, \/\/aujourdhui.ma\/wp-content\/uploads\/2021\/09\/25.9.21.COVID-19_Page_1-768x1086.jpg 768w, \/\/aujourdhui.ma\/wp-content\/uploads\/2021\/09\/25.9.21.COVID-19_Page_1-1086x1536.jpg 1086w, \/\/aujourdhui.ma\/wp-content\/uploads\/2021\/09\/25.9.21.COVID-19_Page_1-1448x2048.jpg 1448w, \/\/aujourdhui.ma\/wp-content\/uploads\/2021\/09\/25.9.21.COVID-19_Page_1.jpg 1654w\" sizes=\"auto, (max-width: 724px) 100vw, 724px\"><\/a> <a href=\"https:\/\/aujourdhui.ma\/wp-content\/uploads\/2021\/09\/25.9.21.COVID-19_Page_2.jpg\"><img decoding=\"async\" loading=\"lazy\" class=\"alignnone size-large wp-image-387553\" src=\"https:\/\/linitiative.ca\/International\/wp-content\/uploads\/sites\/23\/2021\/09\/25.9.21.COVID-19_Page_2-724x1024-1.jpg\" alt=\"\" width=\"724\" height=\"1024\" srcset=\"\/\/aujourdhui.ma\/wp-content\/uploads\/2021\/09\/25.9.21.COVID-19_Page_2-724x1024.jpg 724w, \/\/aujourdhui.ma\/wp-content\/uploads\/2021\/09\/25.9.21.COVID-19_Page_2-212x300.jpg 212w, \/\/aujourdhui.ma\/wp-content\/uploads\/2021\/09\/25.9.21.COVID-19_Page_2-768x1086.jpg 768w, \/\/aujourdhui.ma\/wp-content\/uploads\/2021\/09\/25.9.21.COVID-19_Page_2-1086x1536.jpg 1086w, \/\/aujourdhui.ma\/wp-content\/uploads\/2021\/09\/25.9.21.COVID-19_Page_2-1448x2048.jpg 1448w, \/\/aujourdhui.ma\/wp-content\/uploads\/2021\/09\/25.9.21.COVID-19_Page_2.jpg 1654w\" sizes=\"auto, (max-width: 724px) 100vw, 724px\"><\/a> <a href=\"https:\/\/aujourdhui.ma\/wp-content\/uploads\/2021\/09\/25.9.21.COVID-19_Page_3.jpg\"><img decoding=\"async\" loading=\"lazy\" class=\"alignnone size-large wp-image-387554\" src=\"https:\/\/linitiative.ca\/International\/wp-content\/uploads\/sites\/23\/2021\/09\/25.9.21.COVID-19_Page_3-724x1024-1.jpg\" alt=\"\" width=\"724\" height=\"1024\" srcset=\"\/\/aujourdhui.ma\/wp-content\/uploads\/2021\/09\/25.9.21.COVID-19_Page_3-724x1024.jpg 724w, \/\/aujourdhui.ma\/wp-content\/uploads\/2021\/09\/25.9.21.COVID-19_Page_3-212x300.jpg 212w, \/\/aujourdhui.ma\/wp-content\/uploads\/2021\/09\/25.9.21.COVID-19_Page_3-768x1086.jpg 768w, \/\/aujourdhui.ma\/wp-content\/uploads\/2021\/09\/25.9.21.COVID-19_Page_3-1086x1536.jpg 1086w, \/\/aujourdhui.ma\/wp-content\/uploads\/2021\/09\/25.9.21.COVID-19_Page_3-1448x2048.jpg 1448w, \/\/aujourdhui.ma\/wp-content\/uploads\/2021\/09\/25.9.21.COVID-19_Page_3.jpg 1654w\" sizes=\"auto, (max-width: 724px) 100vw, 724px\"><\/a> <a href=\"https:\/\/aujourdhui.ma\/wp-content\/uploads\/2021\/09\/25.9.21.COVID-19_Page_4.jpg\"><img decoding=\"async\" loading=\"lazy\" class=\"alignnone size-large wp-image-387555\" src=\"https:\/\/linitiative.ca\/International\/wp-content\/uploads\/sites\/23\/2021\/09\/25.9.21.COVID-19_Page_4-724x1024-1.jpg\" alt=\"\" width=\"724\" height=\"1024\" srcset=\"\/\/aujourdhui.ma\/wp-content\/uploads\/2021\/09\/25.9.21.COVID-19_Page_4-724x1024.jpg 724w, \/\/aujourdhui.ma\/wp-content\/uploads\/2021\/09\/25.9.21.COVID-19_Page_4-212x300.jpg 212w, \/\/aujourdhui.ma\/wp-content\/uploads\/2021\/09\/25.9.21.COVID-19_Page_4-768x1086.jpg 768w, \/\/aujourdhui.ma\/wp-content\/uploads\/2021\/09\/25.9.21.COVID-19_Page_4-1086x1536.jpg 1086w, \/\/aujourdhui.ma\/wp-content\/uploads\/2021\/09\/25.9.21.COVID-19_Page_4-1448x2048.jpg 1448w, \/\/aujourdhui.ma\/wp-content\/uploads\/2021\/09\/25.9.21.COVID-19_Page_4.jpg 1654w\" sizes=\"auto, (max-width: 724px) 100vw, 724px\"><\/a> <a href=\"https:\/\/aujourdhui.ma\/wp-content\/uploads\/2021\/09\/25.9.21.COVID-19_Page_5.jpg\"><img decoding=\"async\" loading=\"lazy\" class=\"alignnone size-large wp-image-387556\" src=\"https:\/\/linitiative.ca\/International\/wp-content\/uploads\/sites\/23\/2021\/09\/25.9.21.COVID-19_Page_5-1024x724-1.jpg\" alt=\"\" width=\"1000\" height=\"707\" srcset=\"\/\/aujourdhui.ma\/wp-content\/uploads\/2021\/09\/25.9.21.COVID-19_Page_5-1024x724.jpg 1024w, \/\/aujourdhui.ma\/wp-content\/uploads\/2021\/09\/25.9.21.COVID-19_Page_5-300x212.jpg 300w, \/\/aujourdhui.ma\/wp-content\/uploads\/2021\/09\/25.9.21.COVID-19_Page_5-768x543.jpg 768w, \/\/aujourdhui.ma\/wp-content\/uploads\/2021\/09\/25.9.21.COVID-19_Page_5-1536x1086.jpg 1536w, \/\/aujourdhui.ma\/wp-content\/uploads\/2021\/09\/25.9.21.COVID-19_Page_5-2048x1448.jpg 2048w\" sizes=\"auto, (max-width: 1000px) 100vw, 1000px\"><\/a><\/p>\n<\/div>\n<p>Auteur: ALM<br \/>\n<a href=\"https:\/\/aujourdhui.ma\/societe\/covid19-maroc-la-situation-epidemiologique-au-25-septembre-2021-a-16h00\">Cliquez ici pour lire l&rsquo;article depuis sa source.<\/a><\/p>\n","protected":false},"excerpt":{"rendered":"<p>1.444 nouveaux cas soit un cumul de 928.571 cas \u00e0 ce jour. 1.818 gu\u00e9risons soit un cumul de 897.252 \u00e0 ce jour. 30 nouveaux d\u00e9c\u00e8s donc un cumul de 14.132 \u00e0 ce jour. Nombre de personnes vaccin\u00e9es au 25 septembre 16H00 1\u00e8re dose : 21 915 897 2\u00e8me dose :18 357 489 \u00a0 \u00a0 Auteur: [&hellip;]<\/p>\n","protected":false},"author":1759,"featured_media":0,"comment_status":"closed","ping_status":"closed","sticky":false,"template":"","format":"standard","meta":{"fifu_image_url":"https:\/\/aujourdhui.ma\/wp-content\/uploads\/2020\/09\/coronavirus-COVID-maroc-300x153.jpg","fifu_image_alt":"Covid19 \/ Maroc : La situation \u00e9pid\u00e9miologique au 25 septembre 2021 \u00e0 16H00","footnotes":""},"categories":[73,54],"tags":[],"class_list":["post-128083","post","type-post","status-publish","format-standard","hentry","category-actualite","category-maroc"],"_links":{"self":[{"href":"https:\/\/linitiative.ca\/International\/wp-json\/wp\/v2\/posts\/128083","targetHints":{"allow":["GET"]}}],"collection":[{"href":"https:\/\/linitiative.ca\/International\/wp-json\/wp\/v2\/posts"}],"about":[{"href":"https:\/\/linitiative.ca\/International\/wp-json\/wp\/v2\/types\/post"}],"author":[{"embeddable":true,"href":"https:\/\/linitiative.ca\/International\/wp-json\/wp\/v2\/users\/1759"}],"replies":[{"embeddable":true,"href":"https:\/\/linitiative.ca\/International\/wp-json\/wp\/v2\/comments?post=128083"}],"version-history":[{"count":0,"href":"https:\/\/linitiative.ca\/International\/wp-json\/wp\/v2\/posts\/128083\/revisions"}],"wp:attachment":[{"href":"https:\/\/linitiative.ca\/International\/wp-json\/wp\/v2\/media?parent=128083"}],"wp:term":[{"taxonomy":"category","embeddable":true,"href":"https:\/\/linitiative.ca\/International\/wp-json\/wp\/v2\/categories?post=128083"},{"taxonomy":"post_tag","embeddable":true,"href":"https:\/\/linitiative.ca\/International\/wp-json\/wp\/v2\/tags?post=128083"}],"curies":[{"name":"wp","href":"https:\/\/api.w.org\/{rel}","templated":true}]}}